{"id":1847,"date":"2014-07-01T14:54:08","date_gmt":"2014-07-01T14:54:08","guid":{"rendered":""},"modified":"2026-03-11T09:12:22","modified_gmt":"2026-03-11T14:12:22","slug":"comunicado-de-los-obispos-del-pero-en-rechazo-al-protocolo-del-aborto-terapeotico","status":"publish","type":"post","link":"https:\/\/ceas.org.pe\/index.php\/2014\/07\/01\/comunicado-de-los-obispos-del-pero-en-rechazo-al-protocolo-del-aborto-terapeotico\/","title":{"rendered":"Comunicado de los Obispos del Per\u00f3 en rechazo al Protocolo del Aborto Terape\u00f3tico"},"content":{"rendered":"<p>\u00a0<b style=\"text-align: center;\"><i><span style=\"font-size:11.0pt;font-family:\"Calibri\",\"sans-serif\";mso-ascii-theme-font:\nminor-latin;mso-hansi-theme-font:minor-latin\">Conferencia Episcopal Peruana<\/span><\/i><\/b><\/p>\n<p class=\"MsoNoSpacing\" align=\"center\" style=\"text-align:center;line-height:13.0pt;\nmso-line-height-rule:exactly\"><b><i><span style=\"font-size: 11pt; font-family: Calibri, sans-serif;\">\u00a0<\/span><\/i><\/b><span style=\"font-size:11.0pt;\nfont-family:\"Calibri\",\"sans-serif\";mso-ascii-theme-font:minor-latin;mso-hansi-theme-font:\nminor-latin\"><o:p><\/o:p><\/span><\/p>\n<p class=\"MsoNoSpacing\" align=\"center\" style=\"text-align:center;line-height:13.0pt;\nmso-line-height-rule:exactly\"><b><i><span style=\"font-size: 11pt; font-family: Calibri, sans-serif;\">No matar\u00e1s al ni\u00f1o en el seno materno<\/span><\/i><\/b><span style=\"font-size:11.0pt;font-family:\"Calibri\",\"sans-serif\";mso-ascii-theme-font:\nminor-latin;mso-hansi-theme-font:minor-latin\"><o:p><\/o:p><\/span><\/p>\n<p class=\"Cuerpo\" style=\"margin-top:6.0pt;margin-right:0cm;margin-bottom:0cm;\nmargin-left:0cm;margin-bottom:.0001pt;text-align:justify;text-indent:14.2pt;\nline-height:13.0pt;mso-line-height-rule:exactly\">\u00a0Los Obispos del Per\u00fa, ante la aprobaci\u00f3n de la Gu\u00eda t\u00e9cnica nacional del aborto terap\u00e9utico por el Ministerio de Salud, nos dirigimos a los fieles cat\u00f3licos, a la ciudadan\u00eda en general y en especial a las autoridades del Poder Ejecutivo, para expresar lo siguiente:<o:p><\/o:p><\/p>\n<p class=\"Cuerpo\" style=\"margin-top:6.0pt;margin-right:0cm;margin-bottom:0cm;\nmargin-left:21.3pt;margin-bottom:.0001pt;text-align:justify;text-indent:-18.0pt;\nline-height:13.0pt;mso-line-height-rule:exactly;mso-list:l0 level1 lfo1\"><!--[if !supportLists]-->1.<span style=\"font-size: 7pt; line-height: normal; font-family: 'Times New Roman';\">\u00a0\u00a0\u00a0\u00a0\u00a0\u00a0 <\/span><!--[endif]-->Nuestro m\u00e1s firme rechazo a esta norma que abre las puertas, por primera vez en la historia del Per\u00fa, al aborto; es decir, al asesinato de una vida humana inocente. Esta norma ministerial adem\u00e1s de inmoral es inconstitucional e ilegal.<o:p><\/o:p><\/p>\n<p class=\"Cuerpo\" style=\"margin-top:6.0pt;margin-right:0cm;margin-bottom:0cm;\nmargin-left:21.3pt;margin-bottom:.0001pt;text-align:justify;text-indent:-18.0pt;\nline-height:13.0pt;mso-line-height-rule:exactly;mso-list:l0 level1 lfo1\"><!--[if !supportLists]-->2.<span style=\"font-size: 7pt; line-height: normal; font-family: 'Times New Roman';\">\u00a0\u00a0\u00a0\u00a0\u00a0\u00a0 <\/span><!--[endif]-->El art\u00edculo 1\u00b0 de la Constituci\u00f3n Pol\u00edtica del Per\u00fa declara que \u201cLa defensa de la persona humana y el respeto de su dignidad son el fin supremo de la sociedad y el Estado\u201d. El art\u00edculo 2\u00b0, la misma Carta Magna reconoce que toda persona tiene derecho a la vida y que \u201cel concebido es sujeto de derecho en todo cuanto le favorece\u201d. <o:p><\/o:p><\/p>\n<p class=\"Cuerpo\" style=\"margin-top:6.0pt;margin-right:0cm;margin-bottom:0cm;\nmargin-left:21.3pt;margin-bottom:.0001pt;text-align:justify;text-indent:-18.0pt;\nline-height:13.0pt;mso-line-height-rule:exactly;mso-list:l0 level1 lfo1\"><!--[if !supportLists]-->3.<span style=\"font-size: 7pt; line-height: normal; font-family: 'Times New Roman';\">\u00a0\u00a0\u00a0\u00a0\u00a0\u00a0 <\/span><!--[endif]-->En consecuencia, de acuerdo al ordenamiento legal peruano, concordante con el Derecho Internacional, tanto la madre gestante como el ni\u00f1o concebido tienen el mismo derecho a la vida, as\u00ed como a ser defendidos por el Estado y respetados en su dignidad. <o:p><\/o:p><\/p>\n<p class=\"Cuerpo\" style=\"margin-top:6.0pt;margin-right:0cm;margin-bottom:0cm;\nmargin-left:21.3pt;margin-bottom:.0001pt;text-align:justify;text-indent:-18.0pt;\nline-height:13.0pt;mso-line-height-rule:exactly;mso-list:l0 level1 lfo1\"><!--[if !supportLists]-->4.<span style=\"font-size: 7pt; line-height: normal; font-family: 'Times New Roman';\">\u00a0\u00a0\u00a0\u00a0\u00a0\u00a0 <\/span><!--[endif]-->La aprobaci\u00f3n de la Gu\u00eda del aborto terap\u00e9utico, a trav\u00e9s de la cual se puede dar muerte a ni\u00f1os de hasta 22 semanas de gestaci\u00f3n, a los que, mientras se encuentran indefensos en el seno de la madre, se denomina despectivamente \u00abcontenido uterino\u00bb, es una flagrante violaci\u00f3n del Estado de Derecho.<o:p><\/o:p><\/p>\n<p class=\"Cuerpo\" style=\"margin-top:6.0pt;margin-right:0cm;margin-bottom:0cm;\nmargin-left:21.3pt;margin-bottom:.0001pt;text-align:justify;text-indent:-18.0pt;\nline-height:13.0pt;mso-line-height-rule:exactly;mso-list:l0 level1 lfo1\"><!--[if !supportLists]-->5.<span style=\"font-size: 7pt; line-height: normal; font-family: 'Times New Roman';\">\u00a0\u00a0\u00a0\u00a0\u00a0\u00a0 <\/span><!--[endif]-->Con la presente norma el Ministerio de Salud ha ignorado la voluntad de la mayor\u00eda de los peruanos que, en diversas ocasiones y en multitudinarias marchas, tanto en Lima, como en Arequipa, Iquitos, Piura, Puno, Trujillo, Cusco y otras ciudades del pa\u00eds, han expresado la defensa de la vida y el rechazo al aborto.<o:p><\/o:p><\/p>\n<p class=\"Cuerpo\" style=\"margin-top:6.0pt;margin-right:0cm;margin-bottom:0cm;\nmargin-left:21.3pt;margin-bottom:.0001pt;text-align:justify;text-indent:-18.0pt;\nline-height:13.0pt;mso-line-height-rule:exactly;mso-list:l0 level1 lfo1\"><!--[if !supportLists]-->6.<span style=\"font-size: 7pt; line-height: normal; font-family: 'Times New Roman';\">\u00a0\u00a0\u00a0\u00a0\u00a0\u00a0 <\/span><!--[endif]-->No es necesaria la Gu\u00eda t\u00e9cnica nacional. Los especialistas en la materia muestran que en casos excepcionales, donde la vida de la madre y la de su hijo corren riesgo, existen hoy m\u00faltiples recursos disponibles, gracias a la tecnolog\u00eda m\u00e9dica, que pueden salvar ambas vidas.<o:p><\/o:p><\/p>\n<p class=\"Cuerpo\" style=\"margin-top:6.0pt;margin-right:0cm;margin-bottom:0cm;\nmargin-left:21.3pt;margin-bottom:.0001pt;text-align:justify;text-indent:-18.0pt;\nline-height:13.0pt;mso-line-height-rule:exactly;mso-list:l0 level1 lfo1\"><!--[if !supportLists]-->7.<span style=\"font-size: 7pt; line-height: normal; font-family: 'Times New Roman';\">\u00a0\u00a0\u00a0\u00a0\u00a0\u00a0 <\/span><!--[endif]-->La llamada Gu\u00eda del aborto terap\u00e9utico ha abierto una grave herida en la dignidad de la persona humana, considerada a partir de esta norma como algo descartable y cuya existencia estar\u00eda sujeta a la decisi\u00f3n de la madre y de una junta de m\u00e9dicos. Al escoger la violencia y la tortura contra el inocente se debilita y erosiona el fundamento sobre el cual se construyeron los valores de nuestra peruanidad.<o:p><\/o:p><\/p>\n<p class=\"Cuerpo\" style=\"margin-top:6.0pt;margin-right:0cm;margin-bottom:0cm;\nmargin-left:21.3pt;margin-bottom:.0001pt;text-align:justify;text-indent:-18.0pt;\nline-height:13.0pt;mso-line-height-rule:exactly;mso-list:l0 level1 lfo1\"><!--[if !supportLists]-->8.<span style=\"font-size: 7pt; line-height: normal; font-family: 'Times New Roman';\">\u00a0\u00a0\u00a0\u00a0\u00a0\u00a0 <\/span><!--[endif]-->En una naci\u00f3n donde la inseguridad y la violencia exigen respuestas inmediatas y acciones concretas en favor de la paz, recordamos las palabras de Madre Teresa: <i>\u201cEl pa\u00eds que acepta el aborto no est\u00e1 ense\u00f1ando a su pueblo a amar sino a aplicar la violencia para conseguir lo que se quiere. Es por eso que el mayor destructor del amor y de la paz es el aborto\u201d <\/i>(Madre Teresa de Calcuta, Premio N\u00f3bel de la Paz, 1979).<o:p><\/o:p><\/p>\n<p class=\"Cuerpo\" style=\"margin-top:6.0pt;margin-right:0cm;margin-bottom:0cm;\nmargin-left:0cm;margin-bottom:.0001pt;text-align:justify;text-indent:21.3pt;\nline-height:13.0pt;mso-line-height-rule:exactly\"><o:p>\u00a0<\/o:p><\/p>\n<p class=\"Cuerpo\" style=\"margin-top:6.0pt;margin-right:0cm;margin-bottom:0cm;\nmargin-left:0cm;margin-bottom:.0001pt;text-align:justify;text-indent:21.3pt;\nline-height:13.0pt;mso-line-height-rule:exactly\">Nos dirigimos a ustedes, queridas madres gestantes, para invocarles que defiendan la vida de sus hijos. Nos dirigimos a ustedes, estimados m\u00e9dicos y enfermeras, para que, recordando la nobleza de su profesi\u00f3n y el juramento que hicieron en defensa de la vida, sean los custodios y protectores de cada ni\u00f1o concebido. <o:p><\/o:p><\/p>\n<p class=\"Cuerpo\" style=\"margin-top:6.0pt;margin-right:0cm;margin-bottom:0cm;\nmargin-left:0cm;margin-bottom:.0001pt;text-align:justify;text-indent:21.3pt;\nline-height:13.0pt;mso-line-height-rule:exactly\">Le pedimos, Se\u00f1or Presidente de la Rep\u00fablica, en nombre de los ni\u00f1os por nacer, derogar el PAT, porque consideramos que la primera inclusi\u00f3n es el derecho a vivir. Solo Dios es due\u00f1o de la vida; a nosotros nos corresponde cuidarla.<o:p><\/o:p><\/p>\n<p class=\"Cuerpo\" align=\"right\" style=\"margin-top:6.0pt;margin-right:0cm;\nmargin-bottom:0cm;margin-left:0cm;margin-bottom:.0001pt;text-align:right;\ntext-indent:14.2pt;line-height:13.0pt;mso-line-height-rule:exactly\">Lima, 01 de julio de 2014<o:p><\/o:p><\/p>\n<p class=\"Cuerpo\" align=\"center\" style=\"margin-top:6.0pt;margin-right:0cm;\nmargin-bottom:0cm;margin-left:0cm;margin-bottom:.0001pt;text-align:center;\nline-height:13.0pt;mso-line-height-rule:exactly\">Los Obispos del Per\u00fa<o:p><\/o:p><\/p>\n<p><a href=\"http:\/\/web.hilo.org.pe\/wp-content\/uploads\/LOGO CEP.jpg\" target=\"_blank\" rel=\"noopener\">Ver archivo adjunto<\/a><\/p>\n","protected":false},"excerpt":{"rendered":"<p>No matar?s al ni?o en el seno materno<\/p>\n<p>Los Obispos del Per?, ante la aprobaci?n de la Gu?a t?cnica nacional del aborto terap?utico por el Ministerio de Salud, nos dirigimos a los fieles cat?licos, a la ciudadan?a en general y en especial a las autoridades del Poder Ejecutivo<\/p>\n","protected":false},"author":1,"featured_media":7854,"comment_status":"closed","ping_status":"closed","sticky":false,"template":"","format":"standard","meta":{"footnotes":""},"categories":[9],"tags":[],"class_list":["post-1847","post","type-post","status-publish","format-standard","has-post-thumbnail","hentry","category-noticias"],"_links":{"self":[{"href":"https:\/\/ceas.org.pe\/index.php\/wp-json\/wp\/v2\/posts\/1847","targetHints":{"allow":["GET"]}}],"collection":[{"href":"https:\/\/ceas.org.pe\/index.php\/wp-json\/wp\/v2\/posts"}],"about":[{"href":"https:\/\/ceas.org.pe\/index.php\/wp-json\/wp\/v2\/types\/post"}],"author":[{"embeddable":true,"href":"https:\/\/ceas.org.pe\/index.php\/wp-json\/wp\/v2\/users\/1"}],"replies":[{"embeddable":true,"href":"https:\/\/ceas.org.pe\/index.php\/wp-json\/wp\/v2\/comments?post=1847"}],"version-history":[{"count":1,"href":"https:\/\/ceas.org.pe\/index.php\/wp-json\/wp\/v2\/posts\/1847\/revisions"}],"predecessor-version":[{"id":7371,"href":"https:\/\/ceas.org.pe\/index.php\/wp-json\/wp\/v2\/posts\/1847\/revisions\/7371"}],"wp:featuredmedia":[{"embeddable":true,"href":"https:\/\/ceas.org.pe\/index.php\/wp-json\/wp\/v2\/media\/7854"}],"wp:attachment":[{"href":"https:\/\/ceas.org.pe\/index.php\/wp-json\/wp\/v2\/media?parent=1847"}],"wp:term":[{"taxonomy":"category","embeddable":true,"href":"https:\/\/ceas.org.pe\/index.php\/wp-json\/wp\/v2\/categories?post=1847"},{"taxonomy":"post_tag","embeddable":true,"href":"https:\/\/ceas.org.pe\/index.php\/wp-json\/wp\/v2\/tags?post=1847"}],"curies":[{"name":"wp","href":"https:\/\/api.w.org\/{rel}","templated":true}]}}