{"id":1843,"date":"2014-05-27T11:09:27","date_gmt":"2014-05-27T11:09:27","guid":{"rendered":""},"modified":"2026-03-11T09:12:22","modified_gmt":"2026-03-11T14:12:22","slug":"taller-nacional-de-capacitacion-docente-realizo-odec","status":"publish","type":"post","link":"https:\/\/ceas.org.pe\/index.php\/2014\/05\/27\/taller-nacional-de-capacitacion-docente-realizo-odec\/","title":{"rendered":"Taller nacional de capacitaci\u00f3n docente realiz\u00f3 ODEC"},"content":{"rendered":"<div>Con gran \u00e9xito se realiz\u00f3 del 12 al 16 de mayo el tercer Taller Nacional de Capacitaci\u00f3n Docente, organizado por la Oficina Nacional de Educaci\u00f3n Cat\u00f3lica de la Comisi\u00f3n Episcopal de Cultura y Educaci\u00f3n de la Conferencia Episcopal Peruana, y que cont\u00f3 con la participaci\u00f3n de los Directores y Coordinadores de las Oficinas Diocesanas de Educaci\u00f3n Cat\u00f3lica de Moyobamba, Tarapoto, Juanju\u00ed, Tacna, Ayacucho, Huaraz, Trujillo, Cuzco y Tumbes.<\/div>\n<div>\u00a0<\/div>\n<div>Durante este evento, los participantes reflexionaron sobre la demanda educativa del pa\u00eds, el an\u00e1lisis del marco curricular que se est\u00e1 proponiendo desde el Ministerio de Educaci\u00f3n, entre otros importantes temas.<\/div>\n<div>\u00a0<\/div>\n<div>La Oficina Nacional de Educaci\u00f3n Cat\u00f3lica han propuesto un aprendizaje que incluye la dimensi\u00f3n espiritual y religiosa de la persona humana trascendente, dicho aprendizaje se propone desarrollarlo desde tres competencias, las cuales hacen referencia a la Sant\u00edsima Trinidad, a las virtudes teologales y a la evangelizaci\u00f3n de la cultura.\u00a0<\/div>\n<div>\u00a0<\/div>\n<div>Los temas tratados y sobre los cuales los coordinadores y directores han presentado un trabajo pr\u00e1ctico posible de realizar en cada una de las jurisdicciones eclesi\u00e1sticas son: Pastoral Educativa, Inteligencia Espiritual, perd\u00f3n y reconciliaci\u00f3n. As\u00ed mismo han desarrollado las sesiones de clase y efectuados trabajos de reflexi\u00f3n y opini\u00f3n sobre las capacidades y los indicadores a evaluar.<\/div>\n<div>\u00a0<\/div>\n<div>(Fuente: CEP)<\/div>\n<div>\u00a0<\/div>\n<p><a href=\"http:\/\/web.hilo.org.pe\/wp-content\/uploads\/taller.jpg\" target=\"_blank\" rel=\"noopener\">Ver archivo adjunto<\/a><\/p>\n","protected":false},"excerpt":{"rendered":"<p>Con gran ?xito se realiz? del 12 al 16 de mayo el tercer Taller Nacional de Capacitaci?n Docente, organizado por la Oficina Nacional de Educaci?n Cat?lica de la Comisi?n Episcopal de Cultura y Educaci?n de la Conferencia Episcopal Peruana, y que cont? con la participaci?n de los Directores y Coordinadores de las Oficinas Diocesanas de Educaci?n Cat?lica de Moyobamba, Tarapoto, Juanju?, Tacna, Ayacucho, Huaraz, Trujillo, Cuzco y Tumbes.<\/p>\n","protected":false},"author":1,"featured_media":7943,"comment_status":"closed","ping_status":"closed","sticky":false,"template":"","format":"standard","meta":{"footnotes":""},"categories":[9],"tags":[],"class_list":["post-1843","post","type-post","status-publish","format-standard","has-post-thumbnail","hentry","category-noticias"],"_links":{"self":[{"href":"https:\/\/ceas.org.pe\/index.php\/wp-json\/wp\/v2\/posts\/1843","targetHints":{"allow":["GET"]}}],"collection":[{"href":"https:\/\/ceas.org.pe\/index.php\/wp-json\/wp\/v2\/posts"}],"about":[{"href":"https:\/\/ceas.org.pe\/index.php\/wp-json\/wp\/v2\/types\/post"}],"author":[{"embeddable":true,"href":"https:\/\/ceas.org.pe\/index.php\/wp-json\/wp\/v2\/users\/1"}],"replies":[{"embeddable":true,"href":"https:\/\/ceas.org.pe\/index.php\/wp-json\/wp\/v2\/comments?post=1843"}],"version-history":[{"count":1,"href":"https:\/\/ceas.org.pe\/index.php\/wp-json\/wp\/v2\/posts\/1843\/revisions"}],"predecessor-version":[{"id":7375,"href":"https:\/\/ceas.org.pe\/index.php\/wp-json\/wp\/v2\/posts\/1843\/revisions\/7375"}],"wp:featuredmedia":[{"embeddable":true,"href":"https:\/\/ceas.org.pe\/index.php\/wp-json\/wp\/v2\/media\/7943"}],"wp:attachment":[{"href":"https:\/\/ceas.org.pe\/index.php\/wp-json\/wp\/v2\/media?parent=1843"}],"wp:term":[{"taxonomy":"category","embeddable":true,"href":"https:\/\/ceas.org.pe\/index.php\/wp-json\/wp\/v2\/categories?post=1843"},{"taxonomy":"post_tag","embeddable":true,"href":"https:\/\/ceas.org.pe\/index.php\/wp-json\/wp\/v2\/tags?post=1843"}],"curies":[{"name":"wp","href":"https:\/\/api.w.org\/{rel}","templated":true}]}}