{"id":1842,"date":"2014-05-27T11:07:45","date_gmt":"2014-05-27T11:07:45","guid":{"rendered":""},"modified":"2026-03-11T09:12:22","modified_gmt":"2026-03-11T14:12:22","slug":"foro-internacional-sobre-derecho-a-la-salud-y-reforma","status":"publish","type":"post","link":"https:\/\/ceas.org.pe\/index.php\/2014\/05\/27\/foro-internacional-sobre-derecho-a-la-salud-y-reforma\/","title":{"rendered":"Foro internacional sobre derecho a la salud y reforma"},"content":{"rendered":"<div>Con el prop\u00f3sito de reflexionar sobre diversos aspectos de la salud p\u00fablica, la Pastoral de Salud de la Comisi\u00f3n Episcopal para la Pastoral Social de la Conferencia Episcopal Peruana, junto a otras instituciones religiosas como el Centro de Formaci\u00f3n en Salud (CEFOSA), y el Instituto de Salud \u201cCrist\u00f3foris Den\u00e9ke\u201d, organizan el Foro Internacional \u201cDerecho a la Salud y Reforma\u201d, en el marco del Jubileo por los 400 a\u00f1os de la muerte de San Camilo y los 25 a\u00f1os del Departamento de la Pastoral de Salud.<\/div>\n<div>\u00a0<\/div>\n<div>El Foro se realizar\u00e1 este jueves 29 de mayo, de 4:00 a 9:00 p.m., en el auditorio del Centro de Formaci\u00f3n en Salud San Camilo \u2013 CEFOSA, ubicado en la Avenida Brasil 231, Lima. Los objetivos de este evento son: comprender el derecho a la salud, como un derecho humano fundamental; conocer los elementos fundamentales de una reforma de salud, sus alcances y limitaciones; y evaluar si esta reforma de salud respeta, protege y garantiza el ejercicio del derecho de las personas.<\/div>\n<div>\u00a0<\/div>\n<div>Durante este foro se abordar\u00e1n diversos temas, como Derecho a la Salud en Am\u00e9rica Latina y el Per\u00fa; La Reforma de la Salud, su proceso, alcances e implicancias; y An\u00e1lisis de la Reforma desde el Derecho a la Salud.<\/div>\n<div>\u00a0<\/div>\n<div>Para m\u00e1s informaci\u00f3n e inscripciones, pueden dirigirse a la Oficina de la Pastoral de la Salud de la Conferencia Episcopal Peruana, sito en Jir\u00f3n Estados Unidos 838 \u2013 Jes\u00fas Mar\u00eda. Tel\u00e9fono: 463-1010.<\/div>\n<div>\u00a0<\/div>\n<div>(Fuente: CEP)<\/div>\n<div>\u00a0<\/div>\n<p><a href=\"http:\/\/web.hilo.org.pe\/wp-content\/uploads\/atendiendose en posta.jpg\" target=\"_blank\" rel=\"noopener\">Ver archivo adjunto<\/a><\/p>\n","protected":false},"excerpt":{"rendered":"<p>Con el prop?sito de reflexionar sobre diversos aspectos de la salud p?blica, la Pastoral de Salud de la Comisi?n Episcopal para la Pastoral Social de la Conferencia Episcopal Peruana, junto a otras instituciones religiosas como el Centro de Formaci?n en Salud (CEFOSA), y el Instituto de Salud ?Crist?foris Den?ke?, organizan el Foro Internacional ?Derecho a la Salud y Reforma?, en el marco del Jubileo por los 400 a?os de la muerte de San Camilo y los 25 a?os del Departamento de la Pastoral de Salud.<\/p>\n","protected":false},"author":1,"featured_media":7955,"comment_status":"closed","ping_status":"closed","sticky":false,"template":"","format":"standard","meta":{"footnotes":""},"categories":[9],"tags":[],"class_list":["post-1842","post","type-post","status-publish","format-standard","has-post-thumbnail","hentry","category-noticias"],"_links":{"self":[{"href":"https:\/\/ceas.org.pe\/index.php\/wp-json\/wp\/v2\/posts\/1842","targetHints":{"allow":["GET"]}}],"collection":[{"href":"https:\/\/ceas.org.pe\/index.php\/wp-json\/wp\/v2\/posts"}],"about":[{"href":"https:\/\/ceas.org.pe\/index.php\/wp-json\/wp\/v2\/types\/post"}],"author":[{"embeddable":true,"href":"https:\/\/ceas.org.pe\/index.php\/wp-json\/wp\/v2\/users\/1"}],"replies":[{"embeddable":true,"href":"https:\/\/ceas.org.pe\/index.php\/wp-json\/wp\/v2\/comments?post=1842"}],"version-history":[{"count":1,"href":"https:\/\/ceas.org.pe\/index.php\/wp-json\/wp\/v2\/posts\/1842\/revisions"}],"predecessor-version":[{"id":7376,"href":"https:\/\/ceas.org.pe\/index.php\/wp-json\/wp\/v2\/posts\/1842\/revisions\/7376"}],"wp:featuredmedia":[{"embeddable":true,"href":"https:\/\/ceas.org.pe\/index.php\/wp-json\/wp\/v2\/media\/7955"}],"wp:attachment":[{"href":"https:\/\/ceas.org.pe\/index.php\/wp-json\/wp\/v2\/media?parent=1842"}],"wp:term":[{"taxonomy":"category","embeddable":true,"href":"https:\/\/ceas.org.pe\/index.php\/wp-json\/wp\/v2\/categories?post=1842"},{"taxonomy":"post_tag","embeddable":true,"href":"https:\/\/ceas.org.pe\/index.php\/wp-json\/wp\/v2\/tags?post=1842"}],"curies":[{"name":"wp","href":"https:\/\/api.w.org\/{rel}","templated":true}]}}