{"id":1839,"date":"2014-05-24T21:10:08","date_gmt":"2014-05-24T21:10:08","guid":{"rendered":""},"modified":"2026-03-11T09:12:22","modified_gmt":"2026-03-11T14:12:22","slug":"obispo-de-la-diocesis-chimbote-emite-comunicado-por-situacion-de-oncash-2","status":"publish","type":"post","link":"https:\/\/ceas.org.pe\/index.php\/2014\/05\/24\/obispo-de-la-diocesis-chimbote-emite-comunicado-por-situacion-de-oncash-2\/","title":{"rendered":"Obispo de la Di\u00f3cesis Chimbote emite comunicado por situaci\u00f3n de \u00f3ncash"},"content":{"rendered":"<div>\u00a0<\/div>\n<div><strong>\u00a0Comunicado de la Di\u00f3cesis de Chimbote<\/strong><\/div>\n<div>\u00a0<\/div>\n<div>\u00a0<\/div>\n<div>El Obispo de la Di\u00f3cesis de Chimbote, siguiendo el magisterio y testimonio del Papa Francisco, y ante los hechos ocurridos en nuestra regi\u00f3n, que lesionan la vida y la institucionalidad democr\u00e1tica, expresa lo siguiente:<\/div>\n<div>\u00a0<\/div>\n<div>1. \u00a0 \u00a0 \u00a0La solidaridad de la Iglesia con las familias v\u00edctimas de situaciones de violencia que traen consigo el miedo y la muerte.<\/div>\n<div>\u00a0<\/div>\n<div>2. \u00a0 \u00a0 \u00a0Nuestra preocupaci\u00f3n por el crecimiento de la corrupci\u00f3n y sus secuelas en las instituciones creadas para defender y garantizar los derechos de las personas.<\/div>\n<div>\u00a0<\/div>\n<div>3. \u00a0 \u00a0 \u00a0Nuestra indignaci\u00f3n porque se evidencia un poder que genera miedo, silencio c\u00f3mplice e \u00a0intriga.<\/div>\n<div>\u00a0<\/div>\n<div>4. \u00a0 \u00a0 \u00a0Nuestro compromiso de apoyar a quienes trabajan por encontrar la verdad y la responsabilidad de quienes act\u00faan de manera criminal y despiadada. As\u00ed mismo acompa\u00f1ar a los que trabajan para saber qu\u00e9 mecanismos operan esas decisiones y en qu\u00e9 niveles de responsabilidad se encuentran.<\/div>\n<div>\u00a0<\/div>\n<div>5. \u00a0 \u00a0 \u00a0Valoramos la respuesta del Estado Peruano para investigar los hechos ocurridos, desde un trabajo intersectorial y articulado, sin dejar de manifestar el descr\u00e9dito de las instituciones que no ayudaron a nuestra regi\u00f3n y a su gente.<\/div>\n<div>\u00a0<\/div>\n<div>Por lo expresado, hacemos el llamado:<\/div>\n<div>\u00a0<\/div>\n<div>1. \u00a0 \u00a0 \u00a0Al Estado peruano, para que a trav\u00e9s de sus instituciones tutelares, realice una profunda investigaci\u00f3n que permita conocer la verdad de lo sucedido, identificando las responsabilidades individuales de quienes cometieron delitos e inclusive de instituciones que lo permitieron.<\/div>\n<div>\u00a0<\/div>\n<div>2. \u00a0 \u00a0 \u00a0A la sociedad, a trabajar por la paz y la justicia, con la verdad y la honestidad, donde la persona humana sea el centro y el fin supremo.<\/div>\n<div>\u00a0<\/div>\n<div>3. \u00a0 \u00a0 \u00a0A los pol\u00edticos y candidatos que participar\u00e1n en el pr\u00f3ximo proceso electoral, para que tengan en cuenta \u00a0la \u00e9tica y el bien com\u00fan y se comprometan a servir y no servirse de un cargo o responsabilidad p\u00fablica.<\/div>\n<div>\u00a0<\/div>\n<div>4. \u00a0 \u00a0 \u00a0A los medios de comunicaci\u00f3n, que comuniquen vida y esperanza y contribuyan con informaciones veraces que ayuden a encontrar la verdad.<\/div>\n<div>\u00a0<\/div>\n<div>5. \u00a0 \u00a0 \u00a0A los cat\u00f3licos y hombres y mujeres de buena voluntad a afirmar nuestro compromiso a favor de la vida y la verdad.<\/div>\n<div>\u00a0<\/div>\n<div>Nos toca asumir el compromiso de trabajar juntos en la recuperaci\u00f3n de la esperanza de nuestro pueblo a fin de seguir construyendo, desde Ancash, una naci\u00f3n fuerte, justa, fraterna y solidaria.<\/div>\n<div>\u00a0<\/div>\n<div>Chimbote, 21 de mayo de 2014<\/div>\n<div>\u00a0<\/div>\n<div><strong>Mons. \u00c1ngel Francisco Sim\u00f3n Piorno<\/strong><\/div>\n<div><strong>Obispo de la Di\u00f3cesis de Chimbote<\/strong><\/div>\n<p><a href=\"http:\/\/web.hilo.org.pe\/wp-content\/uploads\/logo_diocesis.jpg\" target=\"_blank\" rel=\"noopener\">Ver archivo adjunto<\/a><\/p>\n","protected":false},"excerpt":{"rendered":"<p>El Obispo de la Di?cesis de Chimbote, siguiendo el magisterio y testimonio del Papa Francisco, y ante los hechos ocurridos en nuestra regi?n, que lesionan la vida y la institucionalidad democr?tica, expresa lo siguiente:<\/p>\n","protected":false},"author":1,"featured_media":7884,"comment_status":"closed","ping_status":"closed","sticky":false,"template":"","format":"standard","meta":{"footnotes":""},"categories":[9],"tags":[],"class_list":["post-1839","post","type-post","status-publish","format-standard","has-post-thumbnail","hentry","category-noticias"],"_links":{"self":[{"href":"https:\/\/ceas.org.pe\/index.php\/wp-json\/wp\/v2\/posts\/1839","targetHints":{"allow":["GET"]}}],"collection":[{"href":"https:\/\/ceas.org.pe\/index.php\/wp-json\/wp\/v2\/posts"}],"about":[{"href":"https:\/\/ceas.org.pe\/index.php\/wp-json\/wp\/v2\/types\/post"}],"author":[{"embeddable":true,"href":"https:\/\/ceas.org.pe\/index.php\/wp-json\/wp\/v2\/users\/1"}],"replies":[{"embeddable":true,"href":"https:\/\/ceas.org.pe\/index.php\/wp-json\/wp\/v2\/comments?post=1839"}],"version-history":[{"count":1,"href":"https:\/\/ceas.org.pe\/index.php\/wp-json\/wp\/v2\/posts\/1839\/revisions"}],"predecessor-version":[{"id":7379,"href":"https:\/\/ceas.org.pe\/index.php\/wp-json\/wp\/v2\/posts\/1839\/revisions\/7379"}],"wp:featuredmedia":[{"embeddable":true,"href":"https:\/\/ceas.org.pe\/index.php\/wp-json\/wp\/v2\/media\/7884"}],"wp:attachment":[{"href":"https:\/\/ceas.org.pe\/index.php\/wp-json\/wp\/v2\/media?parent=1839"}],"wp:term":[{"taxonomy":"category","embeddable":true,"href":"https:\/\/ceas.org.pe\/index.php\/wp-json\/wp\/v2\/categories?post=1839"},{"taxonomy":"post_tag","embeddable":true,"href":"https:\/\/ceas.org.pe\/index.php\/wp-json\/wp\/v2\/tags?post=1839"}],"curies":[{"name":"wp","href":"https:\/\/api.w.org\/{rel}","templated":true}]}}