{"id":1836,"date":"2014-05-22T10:26:02","date_gmt":"2014-05-22T10:26:02","guid":{"rendered":""},"modified":"2026-03-11T09:12:22","modified_gmt":"2026-03-11T14:12:22","slug":"encuentro-de-la-partnerschaft-de-la-arquidiocesis-de-friburgo-en-rastatt","status":"publish","type":"post","link":"https:\/\/ceas.org.pe\/index.php\/2014\/05\/22\/encuentro-de-la-partnerschaft-de-la-arquidiocesis-de-friburgo-en-rastatt\/","title":{"rendered":"Encuentro de la Partnerschaft de la Arquidi\u00f3cesis de Friburgo en Rastatt"},"content":{"rendered":"<p><strong>Encuentro de la Partnerschaft de la Arquidi\u00f3cesis de Friburgo en Rastatt<\/strong><\/p>\n<p><span style=\"line-height: 14.65pt; text-align: justify;\">El s\u00e1bado 10 de mayo del 2014 se reunieron en Rastatt aprox. 130 delegados de la Partnerschaft de 66 parroquias y movimientos apost\u00f3licos de la Arquidi\u00f3cesis de Friburgo. Adem\u00e1s participaron el Sr. Franz Hellinge de Adveniat, Sra. Astrid Saalbach de la Fundaci\u00f3n para el Desarrollo de la Cooperaci\u00f3n (SEZ), Sra. Elena Muguruza de la Federaci\u00f3n de la Pol\u00edtica de Desarrollo de Baden-W\u00fcrttemberg (DEAB). Tambi\u00e9n del Per\u00fa participaron los siguientes invitados: tres de los cuatro voluntarios del Per\u00fa, que est\u00e1n un a\u00f1o en la Arquidi\u00f3cesis de Friburgo, al igual que el Sr. Willy Amaya, colaborador de la Comisi\u00f3n Episcopal de Acci\u00f3n Social (CEAS).<\/span><\/p>\n<p class=\"MsoNormal\" style=\"margin-bottom: 0.0001pt; text-align: justify;\"><b><span lang=\"ES-TRAD\">\u00abCompartir con justicia los dones de la tierra\u00bb<\/span><\/b><b><span lang=\"ES-TRAD\"><o:p><\/o:p><\/span><\/b><\/p>\n<p class=\"MsoNormal\" style=\"text-align: justify; line-height: 14.65pt; background-image: initial; background-attachment: initial; background-size: initial; background-origin: initial; background-clip: initial; background-position: initial; background-repeat: initial;\"><span lang=\"ES-TRAD\">Los participantes prepararon desde sus casas el inicio del Encuentro. A trav\u00e9s de tres preguntas sobre el \u201cstatu quo\u201d del trabajo de la Partnerschaft en los \u00faltimos dos a\u00f1os se presentaron brevemente los diversos grupos. \u00bfQu\u00e9 nos dio resultado?, \u00bfqu\u00e9 no? \u00bfQu\u00e9 nos hace tener esperanza? Las respuestas a estas preguntas fueron expuestas en carteles y se invit\u00f3 a todos a un intercambio al inicio del\u00a0 Encuentro.<o:p><\/o:p><\/span><\/p>\n<p class=\"MsoNormal\" style=\"text-align: justify; line-height: 14.65pt; background-image: initial; background-attachment: initial; background-size: initial; background-origin: initial; background-clip: initial; background-position: initial; background-repeat: initial;\"><span lang=\"ES-TRAD\">Despu\u00e9s el <b>Can\u00f3nigo Dr. Peter Birkhofer<\/b>, quien desde setiembre del 2013 es el responsable del Departamento de Iglesia Universal de la Arquidi\u00f3cesis de Friburgo, fue presentado a la familia Partnerschaft. Con su lema del libro de Oseas: <i>\u00abYo conf\u00edo en ti eternamente, yo me entrego a ti por justicia y derecho\u201d<\/i> y tomo como referencia el lema anual: \u201cCompartir con justicia los dones de la tierra\u201c \u2013 <b>\u201eGerecht die Gaben der Erde teilen\u00bb.<\/b><i><o:p><\/o:p><\/i><\/span><\/p>\n<p class=\"MsoNormal\" style=\"text-align: justify; line-height: 14.65pt; background-image: initial; background-attachment: initial; background-size: initial; background-origin: initial; background-clip: initial; background-position: initial; background-repeat: initial;\"><span lang=\"ES-TRAD\">Si los dones de la tierra est\u00e1n repartidos realmente de manera justa o injusta, fue comentado por <b>Elena Muguruza,<\/b> a trav\u00e9s de un mapamundi sobre el cual se pod\u00eda caminar. Se pudo constatar de manera impresionante que \u2013 sobre todo lo referente a la repartici\u00f3n de los dones y del desarrollo \u2013 no es la l\u00ednea ecuatorial la que divide la parte norte de la parte sur de la tierra, sino que esta divisi\u00f3n es mucho m\u00e1s al norte. Estas informaciones fundamentaba Elena Muguruza en su ponencia, donde present\u00f3 el trabajo del Comercio Justo. <o:p><\/o:p><\/span><\/p>\n<div style=\"border-style: none none dotted; border-bottom-color: rgb(102, 102, 102); border-bottom-width: 1pt; padding: 0cm; background-image: initial; background-attachment: initial; background-size: initial; background-origin: initial; background-clip: initial; background-position: initial; background-repeat: initial;\">\n<p class=\"MsoNormal\" style=\"margin: 1.2pt 0cm 3.6pt; text-align: justify; line-height: 14.65pt; border: none; padding: 0cm; background-image: initial; background-attachment: initial; background-size: initial; background-origin: initial; background-clip: initial; background-position: initial; background-repeat: initial;\"><b><span lang=\"ES-TRAD\">Programa \u00a1Vamos! y trabajo en grupos<o:p><\/o:p><\/span><\/b><\/p>\n<p class=\"MsoNormal\" style=\"margin: 1.2pt 0cm 3.6pt; text-align: justify; line-height: 14.65pt; border: none; padding: 0cm; background-image: initial; background-attachment: initial; background-size: initial; background-origin: initial; background-clip: initial; background-position: initial; background-repeat: initial;\"><span lang=\"ES-TRAD\">La tarde comenz\u00f3 con una presentaci\u00f3n del programa \u00a1Vamos!, que permite a j\u00f3venes peruanos realizar un a\u00f1o de voluntariado en la Arquidi\u00f3cesis de Friburgo.<o:p><\/o:p><\/span><\/p>\n<p class=\"MsoNormal\" style=\"margin: 1.2pt 0cm 3.6pt; text-align: justify; line-height: 14.65pt; border: none; padding: 0cm; background-image: initial; background-attachment: initial; background-size: initial; background-origin: initial; background-clip: initial; background-position: initial; background-repeat: initial;\"><span lang=\"ES-TRAD\">Como es costumbre, en la tarde hubo la oportunidad de intercambios en grupos peque\u00f1os sobre temas y problem\u00e1ticas del trabajo de la Partnerschaft con el Per\u00fa. Algunos de los temas ten\u00edan que ver con las respuestas a las preguntas de preparaci\u00f3n que se envi\u00f3 con anterioridad, otros temas se crearon a partir del encuentro o lo trajeron los participantes de sus parroquias. As\u00ed se cre\u00f3 un total de 10 grupos de trabajo con diversos temas, como el tema del comercio justo, la comunicaci\u00f3n y las finanzas, cansancio en los Grupos Per\u00fa, Partnerschaft en la \u201cnueva\u201c Unidad Pastoral, despertar nuevos intereses y caminos de Partnerschaft, el programa \u00a1Vamos!, etc.<o:p><\/o:p><\/span><\/p>\n<p class=\"MsoNormal\" style=\"margin: 1.2pt 0cm 3.6pt; text-align: justify; line-height: 14.65pt; border: none; padding: 0cm; background-image: initial; background-attachment: initial; background-size: initial; background-origin: initial; background-clip: initial; background-position: initial; background-repeat: initial;\"><b><span lang=\"ES-TRAD\">\u00a0<\/span><\/b><\/p>\n<p class=\"MsoNormal\" style=\"margin: 1.2pt 0cm 3.6pt; text-align: justify; line-height: 14.65pt; border: none; padding: 0cm; background-image: initial; background-attachment: initial; background-size: initial; background-origin: initial; background-clip: initial; background-position: initial; background-repeat: initial;\"><b><span lang=\"ES-TRAD\">Misa de despedida<o:p><\/o:p><\/span><\/b><\/p>\n<p class=\"MsoNormal\" style=\"margin: 1.2pt 0cm 3.6pt; text-align: justify; line-height: 14.65pt; border: none; padding: 0cm; background-image: initial; background-attachment: initial; background-size: initial; background-origin: initial; background-clip: initial; background-position: initial; background-repeat: initial;\"><span lang=\"ES-TRAD\">La Misa de despedida se realiz\u00f3 en la Parroquia Mar\u00eda Reina y cont\u00f3 con la colaboraci\u00f3n del coro de Neuthard. La homil\u00eda estuvo a cargo del <b>P. Vicente Imhof<\/b>, sacerdote franciscano de nuestra Arquidi\u00f3cesis que vive y trabaja desde hace mucho tiempo en el Per\u00fa. La frase del Evangelio de Juan \u201cYo soy la puerta\u201c lo puso en el centro de la homil\u00eda y tuvo impacto en los participantes de la misa. <o:p><\/o:p><\/span><\/p>\n<p class=\"MsoNormal\" align=\"right\" style=\"margin: 1.2pt 0cm 3.6pt; text-align: right; line-height: 14.65pt; border: none; padding: 0cm; background-image: initial; background-attachment: initial; background-size: initial; background-origin: initial; background-clip: initial; background-position: initial; background-repeat: initial;\"><i><span lang=\"ES-TRAD\">(traducci\u00f3n J\u00fcrgen Huber, Lima-Per\u00fa)<o:p><\/o:p><\/span><\/i><\/p>\n<\/div>\n<p><a href=\"http:\/\/web.hilo.org.pe\/wp-content\/uploads\/Partnerschaft .jpg\" target=\"_blank\" rel=\"noopener\">Ver archivo adjunto<\/a><\/p>\n","protected":false},"excerpt":{"rendered":"<p>El s?bado 10 de mayo del 2014 se reunieron en Rastatt aprox. 130 delegados de la Partnerschaft de 66 parroquias y movimientos apost?licos de la Arquidi?cesis de Friburgo.<\/p>\n","protected":false},"author":1,"featured_media":7862,"comment_status":"closed","ping_status":"closed","sticky":false,"template":"","format":"standard","meta":{"footnotes":""},"categories":[9],"tags":[],"class_list":["post-1836","post","type-post","status-publish","format-standard","has-post-thumbnail","hentry","category-noticias"],"_links":{"self":[{"href":"https:\/\/ceas.org.pe\/index.php\/wp-json\/wp\/v2\/posts\/1836","targetHints":{"allow":["GET"]}}],"collection":[{"href":"https:\/\/ceas.org.pe\/index.php\/wp-json\/wp\/v2\/posts"}],"about":[{"href":"https:\/\/ceas.org.pe\/index.php\/wp-json\/wp\/v2\/types\/post"}],"author":[{"embeddable":true,"href":"https:\/\/ceas.org.pe\/index.php\/wp-json\/wp\/v2\/users\/1"}],"replies":[{"embeddable":true,"href":"https:\/\/ceas.org.pe\/index.php\/wp-json\/wp\/v2\/comments?post=1836"}],"version-history":[{"count":1,"href":"https:\/\/ceas.org.pe\/index.php\/wp-json\/wp\/v2\/posts\/1836\/revisions"}],"predecessor-version":[{"id":7382,"href":"https:\/\/ceas.org.pe\/index.php\/wp-json\/wp\/v2\/posts\/1836\/revisions\/7382"}],"wp:featuredmedia":[{"embeddable":true,"href":"https:\/\/ceas.org.pe\/index.php\/wp-json\/wp\/v2\/media\/7862"}],"wp:attachment":[{"href":"https:\/\/ceas.org.pe\/index.php\/wp-json\/wp\/v2\/media?parent=1836"}],"wp:term":[{"taxonomy":"category","embeddable":true,"href":"https:\/\/ceas.org.pe\/index.php\/wp-json\/wp\/v2\/categories?post=1836"},{"taxonomy":"post_tag","embeddable":true,"href":"https:\/\/ceas.org.pe\/index.php\/wp-json\/wp\/v2\/tags?post=1836"}],"curies":[{"name":"wp","href":"https:\/\/api.w.org\/{rel}","templated":true}]}}