{"id":1834,"date":"2014-05-22T10:02:00","date_gmt":"2014-05-22T10:02:00","guid":{"rendered":""},"modified":"2026-03-11T09:12:22","modified_gmt":"2026-03-11T14:12:22","slug":"portal-centralidad-de-la-nioez","status":"publish","type":"post","link":"https:\/\/ceas.org.pe\/index.php\/2014\/05\/22\/portal-centralidad-de-la-nioez\/","title":{"rendered":"Portal Centralidad de la Ni\u00f3ez"},"content":{"rendered":"<p>\u00a0El Proyecto Centralidad de la Ni\u00f1ez -PCN-, es un esfuerzo interinstitucional entre el Consejo Episcopal Latinoamericano (CELAM), Visi\u00f3n Mundial, (VM) y la Pastoral da Crian\u00e7a de Brasil (PdC), que tiene como objetivo La promoci\u00f3n, en equidad, de la centralidad de la ni\u00f1ez junto a las Conferencias Episcopales y Pastorales de la Ni\u00f1ez y Oficinas Nacionales de Visi\u00f3n Mundial de la Regi\u00f3n Latino Americana y Caribe\u00f1a.\u00a0<\/p>\n<div>\u00a0<\/div>\n<div>\u00a0<\/div>\n<div>Este esfuerzo tiene como finalidad el fortalecimiento espiritual de la ni\u00f1ez y de los colaboradores de la pastoral de la ni\u00f1ez, la construcci\u00f3n de capacidades en temas relacionados al desarrollo hol\u00edstico (bio-psicosocial-espiritual) de la ni\u00f1ez y el posicionamiento de las iniciativas y proyectos latinoamericanos que promueven el desarrollo hol\u00edstico y que tienen un fundamento cristiano.<\/div>\n<div>\u00a0<\/div>\n<div>El PCN tambi\u00e9n es una comunidad que tiene su sede virtual en www.centralidaddelaninez.celam.org , all\u00ed encontraras informaci\u00f3n sobre:<\/div>\n<div>\u00a0<\/div>\n<div>La Agenda de la Red.<\/div>\n<div>La Red Ronda de Amor, los espacios de formaci\u00f3n virtual.<\/div>\n<div>Los Modelos Pastorales de infancia con sus respectivas herramientas de trabajo.<\/div>\n<div>La Biblioteca Virtual con informaci\u00f3n disponible en desarrollo integral de la ni\u00f1ez.<\/div>\n<div>Cultura para la Ni\u00f1ez, an\u00e1lisis sobre la ni\u00f1ez basada en el Arte.<\/div>\n<div>Juego, Arte y Voz, un espacio de expresi\u00f3n de los ni\u00f1os y las ni\u00f1as.<\/div>\n<div>Aprendiendo Juntos, se da a conocer diferentes estudios sobre la infancia latinoamericana y caribe\u00f1a y oportunidades de formaci\u00f3n.<\/div>\n<div>Pastoral de la Ni\u00f1ez, espacio de desarrollo de la espiritualidad de la infancia y sus familias.<\/div>\n<div>Acciones de Amor, en donde se identifican y visibilizan las acciones del desarrollo integral de la ni\u00f1ez en Am\u00e9rica Latina y el Caribe.<\/div>\n<div>El pasado 25 de abril se realiz\u00f3 el I Encuentro Virtual de Formaci\u00f3n, all\u00ed Visi\u00f3n Mundial Per\u00fa presento su Estrategia en Infancia[1]: Crecimiento y Desarrollo Integral &#8211; CDI, que busca contribuir al cuidado integral y desarrollo del potencial de los ni\u00f1os y las ni\u00f1as de cero a cinco a\u00f1os, y busca que las familias y su entorno se involucren en procesos para el cuidado de su salud, nutrici\u00f3n y desarrollo; fortaleciendo el rol protag\u00f3nico de las familias para el acompa\u00f1ar el crecimiento y desarrollo de sus hijos e hijas y la actitud vigilante de una comunidad que valora la inversi\u00f3n en la primera infancia.<\/div>\n<div>\u00a0<\/div>\n<div>En los pr\u00f3ximos 2 meses los Encuentros Virtuales, Nuestro Trabajo en Primera Infancia, se presentar\u00e1n los nodos[2] de Brasil el 23 de mayo y Guatemala el jueves 19 de junio. A partir de Julio se espera que los Encuentros giren en torno a las necesidades de recogidas mediante una encuesta a los miembros de la Red Ronda de Amor.<\/div>\n<div>\u00a0<\/div>\n<div>Para m\u00e1s informaci\u00f3n y como participar de estos espacios visita el siguiente enlace: http:\/\/www.centralidaddelaninez.org\/index.php\/red-ronda-de-amor.html<\/div>\n<div>\u00a0<\/div>\n<div>Yomaida Cardona P\u00e1jaro<\/div>\n<div>Gerente Proyecto Centralidad de la Ni\u00f1ez<\/div>\n<div>\u00a0<\/div>\n<div>\n<div>\u00a0<\/div>\n<div>Fuente: celam.org<\/div>\n<\/div>\n<p><a href=\"http:\/\/web.hilo.org.pe\/wp-content\/uploads\/centralidad.jpg\" target=\"_blank\" rel=\"noopener\">Ver archivo adjunto<\/a><\/p>\n","protected":false},"excerpt":{"rendered":"<p>El Proyecto Centralidad de la Ni?ez -PCN-, es un esfuerzo interinstitucional entre el Consejo Episcopal Latinoamericano (CELAM), Visi?n Mundial, (VM) y la Pastoral da Crian?a de Brasil (PdC), que tiene como objetivo La promoci?n, en equidad, de la centralidad de la ni?ez junto a las Conferencias Episcopales y Pastorales de la Ni?ez y Oficinas Nacionales de Visi?n Mundial de la Regi?n Latino Americana y Caribe?a.<\/p>\n","protected":false},"author":1,"featured_media":8163,"comment_status":"closed","ping_status":"closed","sticky":false,"template":"","format":"standard","meta":{"footnotes":""},"categories":[9],"tags":[],"class_list":["post-1834","post","type-post","status-publish","format-standard","has-post-thumbnail","hentry","category-noticias"],"_links":{"self":[{"href":"https:\/\/ceas.org.pe\/index.php\/wp-json\/wp\/v2\/posts\/1834","targetHints":{"allow":["GET"]}}],"collection":[{"href":"https:\/\/ceas.org.pe\/index.php\/wp-json\/wp\/v2\/posts"}],"about":[{"href":"https:\/\/ceas.org.pe\/index.php\/wp-json\/wp\/v2\/types\/post"}],"author":[{"embeddable":true,"href":"https:\/\/ceas.org.pe\/index.php\/wp-json\/wp\/v2\/users\/1"}],"replies":[{"embeddable":true,"href":"https:\/\/ceas.org.pe\/index.php\/wp-json\/wp\/v2\/comments?post=1834"}],"version-history":[{"count":1,"href":"https:\/\/ceas.org.pe\/index.php\/wp-json\/wp\/v2\/posts\/1834\/revisions"}],"predecessor-version":[{"id":7384,"href":"https:\/\/ceas.org.pe\/index.php\/wp-json\/wp\/v2\/posts\/1834\/revisions\/7384"}],"wp:featuredmedia":[{"embeddable":true,"href":"https:\/\/ceas.org.pe\/index.php\/wp-json\/wp\/v2\/media\/8163"}],"wp:attachment":[{"href":"https:\/\/ceas.org.pe\/index.php\/wp-json\/wp\/v2\/media?parent=1834"}],"wp:term":[{"taxonomy":"category","embeddable":true,"href":"https:\/\/ceas.org.pe\/index.php\/wp-json\/wp\/v2\/categories?post=1834"},{"taxonomy":"post_tag","embeddable":true,"href":"https:\/\/ceas.org.pe\/index.php\/wp-json\/wp\/v2\/tags?post=1834"}],"curies":[{"name":"wp","href":"https:\/\/api.w.org\/{rel}","templated":true}]}}