{"id":1832,"date":"2014-05-22T09:08:55","date_gmt":"2014-05-22T09:08:55","guid":{"rendered":""},"modified":"2026-03-11T09:12:22","modified_gmt":"2026-03-11T14:12:22","slug":"mensaje-por-el-doa-mundial-de-la-diversidad-cultural-para-el-diologo-y-el-desarrollo","status":"publish","type":"post","link":"https:\/\/ceas.org.pe\/index.php\/2014\/05\/22\/mensaje-por-el-doa-mundial-de-la-diversidad-cultural-para-el-diologo-y-el-desarrollo\/","title":{"rendered":"Mensaje por el D\u00f3a Mundial de la Diversidad Cultural para el Di\u00f3logo y el Desarrollo"},"content":{"rendered":"<p>Conferencia Episcopal Peruana Comisi\u00f3n de Cultura y Educaci\u00f3n \u00a0\u00c1rea de Pueblos Originarios<\/p>\n<div>\u00a0<\/div>\n<div>\u201cEducar al di\u00e1logo intercultural para construir la civilizaci\u00f3n del amor\u201d<\/div>\n<div>\u00a0<\/div>\n<div>Mensaje por el D\u00eda Mundial de la Diversidad Cultural para el Di\u00e1logo y el Desarrollo<\/div>\n<div>\u00a0<\/div>\n<div>Lima, 21 de mayo de 2014<\/div>\n<div>Con ocasi\u00f3n del D\u00eda mundial de la diversidad cultural para el di\u00e1logo y el desarrollo, saludamos con estima sincera a todos los hombres y mujeres que conforman los diversos pueblos y culturas que enriquecen al Per\u00fa.<\/div>\n<div>\u00a0<\/div>\n<div>La diversidad cultural es una realidad innegable en el mundo, y resulta particularmente significativa en nuestro pa\u00eds. Per\u00fa cuenta con 52 pueblos ind\u00edgenas u originarios reconocidos de forma oficial, con numerosas lenguas, tradiciones y costumbres ancestrales propias. Esta preciosa diversidad es un desaf\u00edo y, a la vez, una oportunidad que no podemos desaprovechar para tratar de enriquecernos mutuamente y construir juntos una nueva civilizaci\u00f3n: la civilizaci\u00f3n del amor.\u00a0<\/div>\n<div>\u00a0<\/div>\n<div>Para ello ser\u00e1 preciso educarnos para el di\u00e1logo intercultural en todos los \u00e1mbitos, pero de forma muy particular en la escuela. La educaci\u00f3n ha sido siempre, y lo seguir\u00e1 siendo, el camino necesario y m\u00e1s eficaz para aprender a vivir y convivir. La comunidad educativa se encuentra hoy ante el arduo reto de posibilitar la convivencia entre las diversas expresiones culturales y promover un di\u00e1logo que favorezca relaciones pac\u00edficas y justas.\u00a0<\/div>\n<div>\u00a0<\/div>\n<div>Es por ello que la Congregaci\u00f3n para la Educaci\u00f3n Cat\u00f3lica ha publicado el documento \u201cEducar al di\u00e1logo intercultural en la escuela cat\u00f3lica. Vivir juntos para una civilizaci\u00f3n del amor\u201d (2013). Invitamos a su lectura y an\u00e1lisis, de forma personal y comunitaria. Para todos puede resultar muy iluminador tomar conciencia de la pluralidad cultural y religiosa, considerar las diversas actitudes posibles ante este nuevo fen\u00f3meno, analizar sus fundamentos teol\u00f3gicos, antropol\u00f3gicos y pedag\u00f3gicos, y ver los desaf\u00edos y aportes de la escuela cat\u00f3lica ante la diversidad cultural.\u00a0<\/div>\n<div>\u00a0<\/div>\n<div>Adem\u00e1s, como se\u00f1ala el Papa Francisco, \u201cla evangelizaci\u00f3n tambi\u00e9n implica un camino de di\u00e1logo\u201d (EG 238). As\u00ed ser\u00e1 cre\u00edble el Evangelio y podremos ir forjando la cultura del encuentro y el verdadero desarrollo humano, que busca siempre el bien com\u00fan y la inclusi\u00f3n de los m\u00e1s pobres.\u00a0<\/div>\n<div>\u00a0<\/div>\n<div>Con nuestra fraternal bendici\u00f3n,<\/div>\n<div>+ Mons. J. Javier Travieso Mart\u00edn, cfm<\/div>\n<div>Presidente. Obispo auxiliar de Trujillo<\/div>\n<div>+ Mons. Fortunato Pablo Urcey, oar\u00a0<\/div>\n<div>Obispo de Chota y Secretario general de la Conferencia Episcopal Peruana<\/div>\n<div>+ Mons. Santiago Garc\u00eda de la Rasilla Dom\u00ednguez, sj\u00a0<\/div>\n<div>Obispo de Ja\u00e9n<\/div>\n<div>+ Mons. Jes\u00fas Molin\u00e9 Labarta\u00a0<\/div>\n<div>Obispo de Chiclayo<\/div>\n<div>\u00a0<\/div>\n<p>\u00a0<\/p>\n<p><a href=\"http:\/\/web.hilo.org.pe\/wp-content\/uploads\/20140522_logo ceas.jpg\" target=\"_blank\" rel=\"noopener\">Ver archivo adjunto<\/a><\/p>\n","protected":false},"excerpt":{"rendered":"<p>Lima, 21 de mayo de 2014<br \/>\nCon ocasi?n del D?a mundial de la diversidad cultural para el di?logo y el desarrollo, saludamos con estima sincera a todos los hombres y mujeres que conforman los diversos pueblos y culturas que enriquecen al Per?.<\/p>\n","protected":false},"author":1,"featured_media":7973,"comment_status":"closed","ping_status":"closed","sticky":false,"template":"","format":"standard","meta":{"footnotes":""},"categories":[9],"tags":[],"class_list":["post-1832","post","type-post","status-publish","format-standard","has-post-thumbnail","hentry","category-noticias"],"_links":{"self":[{"href":"https:\/\/ceas.org.pe\/index.php\/wp-json\/wp\/v2\/posts\/1832","targetHints":{"allow":["GET"]}}],"collection":[{"href":"https:\/\/ceas.org.pe\/index.php\/wp-json\/wp\/v2\/posts"}],"about":[{"href":"https:\/\/ceas.org.pe\/index.php\/wp-json\/wp\/v2\/types\/post"}],"author":[{"embeddable":true,"href":"https:\/\/ceas.org.pe\/index.php\/wp-json\/wp\/v2\/users\/1"}],"replies":[{"embeddable":true,"href":"https:\/\/ceas.org.pe\/index.php\/wp-json\/wp\/v2\/comments?post=1832"}],"version-history":[{"count":1,"href":"https:\/\/ceas.org.pe\/index.php\/wp-json\/wp\/v2\/posts\/1832\/revisions"}],"predecessor-version":[{"id":7386,"href":"https:\/\/ceas.org.pe\/index.php\/wp-json\/wp\/v2\/posts\/1832\/revisions\/7386"}],"wp:featuredmedia":[{"embeddable":true,"href":"https:\/\/ceas.org.pe\/index.php\/wp-json\/wp\/v2\/media\/7973"}],"wp:attachment":[{"href":"https:\/\/ceas.org.pe\/index.php\/wp-json\/wp\/v2\/media?parent=1832"}],"wp:term":[{"taxonomy":"category","embeddable":true,"href":"https:\/\/ceas.org.pe\/index.php\/wp-json\/wp\/v2\/categories?post=1832"},{"taxonomy":"post_tag","embeddable":true,"href":"https:\/\/ceas.org.pe\/index.php\/wp-json\/wp\/v2\/tags?post=1832"}],"curies":[{"name":"wp","href":"https:\/\/api.w.org\/{rel}","templated":true}]}}