{"id":1829,"date":"2014-05-20T09:31:27","date_gmt":"2014-05-20T09:31:27","guid":{"rendered":""},"modified":"2026-03-11T09:12:22","modified_gmt":"2026-03-11T14:12:22","slug":"campaoa-compartir-2014-sero-contra-la-trata-de-personas","status":"publish","type":"post","link":"https:\/\/ceas.org.pe\/index.php\/2014\/05\/20\/campaoa-compartir-2014-sero-contra-la-trata-de-personas\/","title":{"rendered":"Campa\u00f3a COMPARTIR 2014 ser\u00f3 contra la trata de personas"},"content":{"rendered":"<div>El viernes 19 de mayo se realiz\u00f3 el lanzamiento de la Campa\u00f1a de Solidaridad \u201cCompartir\u201d 2014, que tiene como tema central la lucha contra el tr\u00e1fico y la trata de personas. \u00a0Una realidad creciente en nuestro pa\u00eds, que afecta a miles de personas, especialmente, mujeres, adolescentes, ni\u00f1os y ni\u00f1as.\u00a0<\/div>\n<div>\u00a0<\/div>\n<div>La presentaci\u00f3n de la campa\u00f1a, se realiz\u00f3 a trav\u00e9s de un foro p\u00fablico titulado: \u201cSolidaridad con la vida y la dignidad de las personas\u201d, organizado por la Pastoral de Movilidad Humana de la Conferencia Episcopal Peruana y el equipo organizador de la campa\u00f1a \u201cCompartir\u201d.<\/div>\n<div>\u00a0<\/div>\n<div>El evento cont\u00f3 con la presencia de destacados ponentes. Ricardo Vald\u00e9z de Capital Humano y Social Alternativo expuso sobre la situaci\u00f3n actual de la trata de personas en el Per\u00fa y sobre los desaf\u00edos para una sociedad sin este flagelo.\u00a0<\/div>\n<div>\u00a0<\/div>\n<div>Tambi\u00e9n se realiz\u00f3 un panel en el que participaron Claudio Bonatto, Coordinador de Proyectos de Explotaci\u00f3n Sexual de Save the Children, la psic\u00f3loga Cecilia Vilchez de la Casa de acogida Santa Mar\u00eda Micaela y la Dra. Rosario L\u00f3pez Wong, Fiscal Superior Titular y Coordinador dela Unidad Central de Asistencia a V\u00edctimas y testigos. Todos ellos \u00a0coincidieron \u00a0en la necesidad de acciones conjuntas de todos los actores sociales y el Estado para trabajar en la prevenci\u00f3n, atenci\u00f3n y asistencia a las v\u00edctimas de este delito.<\/div>\n<div>\u00a0<\/div>\n<div>Como parte final del evento se present\u00f3 el spot de televisi\u00f3n de la campa\u00f1a que ser\u00e1 trasmitido en diversos medios de comunicaci\u00f3n con el fin de sensibilizar a la poblaci\u00f3n sobre esta forma de esclavitud contempor\u00e1nea que atenta contra la dignidad del ser humano.<\/div>\n<div>\u00a0<\/div>\n<div>Fuente: caritas.org.pe<\/div>\n<div>\u00a0<\/div>\n<div>\u00a0<\/div>\n<div>\u00a0<\/div>\n<div>\u00a0<\/div>\n<p><a href=\"http:\/\/web.hilo.org.pe\/wp-content\/uploads\/compartir.jpg\" target=\"_blank\" rel=\"noopener\">Ver archivo adjunto<\/a><\/p>\n","protected":false},"excerpt":{"rendered":"<p>El viernes 19 de mayo se realiz? el lanzamiento de la Campa?a de Solidaridad ?Compartir? 2014, que tiene como tema central la lucha contra el tr?fico y la trata de personas.  Una realidad creciente en nuestro pa?s, que afecta a miles de personas, especialmente, mujeres, adolescentes, ni?os y ni?as.<\/p>\n","protected":false},"author":1,"featured_media":7895,"comment_status":"closed","ping_status":"closed","sticky":false,"template":"","format":"standard","meta":{"footnotes":""},"categories":[9],"tags":[],"class_list":["post-1829","post","type-post","status-publish","format-standard","has-post-thumbnail","hentry","category-noticias"],"_links":{"self":[{"href":"https:\/\/ceas.org.pe\/index.php\/wp-json\/wp\/v2\/posts\/1829","targetHints":{"allow":["GET"]}}],"collection":[{"href":"https:\/\/ceas.org.pe\/index.php\/wp-json\/wp\/v2\/posts"}],"about":[{"href":"https:\/\/ceas.org.pe\/index.php\/wp-json\/wp\/v2\/types\/post"}],"author":[{"embeddable":true,"href":"https:\/\/ceas.org.pe\/index.php\/wp-json\/wp\/v2\/users\/1"}],"replies":[{"embeddable":true,"href":"https:\/\/ceas.org.pe\/index.php\/wp-json\/wp\/v2\/comments?post=1829"}],"version-history":[{"count":1,"href":"https:\/\/ceas.org.pe\/index.php\/wp-json\/wp\/v2\/posts\/1829\/revisions"}],"predecessor-version":[{"id":7390,"href":"https:\/\/ceas.org.pe\/index.php\/wp-json\/wp\/v2\/posts\/1829\/revisions\/7390"}],"wp:featuredmedia":[{"embeddable":true,"href":"https:\/\/ceas.org.pe\/index.php\/wp-json\/wp\/v2\/media\/7895"}],"wp:attachment":[{"href":"https:\/\/ceas.org.pe\/index.php\/wp-json\/wp\/v2\/media?parent=1829"}],"wp:term":[{"taxonomy":"category","embeddable":true,"href":"https:\/\/ceas.org.pe\/index.php\/wp-json\/wp\/v2\/categories?post=1829"},{"taxonomy":"post_tag","embeddable":true,"href":"https:\/\/ceas.org.pe\/index.php\/wp-json\/wp\/v2\/tags?post=1829"}],"curies":[{"name":"wp","href":"https:\/\/api.w.org\/{rel}","templated":true}]}}