{"id":1828,"date":"2014-05-20T09:31:37","date_gmt":"2014-05-20T09:31:37","guid":{"rendered":""},"modified":"2026-03-11T09:12:22","modified_gmt":"2026-03-11T14:12:22","slug":"coritas-del-pero-participo-del-1er-aniversario-de-las-ferias-agropecuarias-mistura","status":"publish","type":"post","link":"https:\/\/ceas.org.pe\/index.php\/2014\/05\/20\/coritas-del-pero-participo-del-1er-aniversario-de-las-ferias-agropecuarias-mistura\/","title":{"rendered":"C\u00f3ritas del Per\u00f3 particip\u00f3 del 1er. aniversario de las ferias agropecuarias Mistura"},"content":{"rendered":"<p>El domingo 18 de mayo, las Ferias Agropecuarias Mistura cumplieron un a\u00f1o en su labor por incluir social y econ\u00f3micamente a los peque\u00f1os productores agropecuarios en el mercado gastron\u00f3mico de Lima. Participaron m\u00e1s de 40 productores procedentes de 17 regiones del pa\u00eds.<\/p>\n<div>\u00a0<\/div>\n<div>C\u00e1ritas del Per\u00fa estuvo presente desde el stand N\u00b0 35, con productos que se han creado en el marco de diversos proyectos integrales de desarrollo humano integral que ejecutamos al interior del Per\u00fa.\u00a0<\/div>\n<div>\u00a0<\/div>\n<div>Estos proyectos comprenden, en su mayor\u00eda, el desarrollo de cadenas productivas de l\u00e1cteos en zonas altoandinas del pa\u00eds. Esto se logra mediante la implementaci\u00f3n de forrajes, la \u00a0mejora en la sanidad del \u00a0ganado, la construcci\u00f3n e implementaci\u00f3n de plantas procesadoras de l\u00e1cteos y, finalmente, la presentaci\u00f3n del producto \u00a0y su inserci\u00f3n en el mercado.\u00a0<\/div>\n<div>\u00a0<\/div>\n<div>Estas iniciativas buscan elevar la calidad de vida de los agricultores, as\u00ed como capacitarlos para mejorar sus habilidades. Entre los derivados l\u00e1cteos que desarrollan, se encuentran quesos envasados al vac\u00edo tipo fresco, andino y ahumado. As\u00ed como yogurt y manjar blanco de la mejor calidad. Todos los productos cuentan con registro sanitario.<\/div>\n<div>\u00a0<\/div>\n<div>Para conmemorar este primer aniversario, las Ferias Agropecuarias Mistura organizaron una celebraci\u00f3n con m\u00fasica, comida y bailes tradicionales. Participaron representantes de Apega, el Banco Interamericano de Desarrollo y el Municipio de Magdalena. Tambi\u00e9n asistieron los cocineros Flavio Sol\u00f3rzano, Jos\u00e9 del Castillo, y el conductor de televisi\u00f3n Math\u00edas Brivio.\u00a0<\/div>\n<div>\u00a0<\/div>\n<div>Cabe indicar que estas ferias se realizan todos los domingos en la cuadra 32 de la Av. Brasil, Magdalena del Mar. Desde las 8:00 am. hasta las 2:00 pm.<\/div>\n<div>\u00a0<\/div>\n<div>Fuente: caritas.org.pe<\/div>\n<div>\u00a0<\/div>\n<div>\u00a0<\/div>\n<p><a href=\"http:\/\/web.hilo.org.pe\/wp-content\/uploads\/mistura.jpg\" target=\"_blank\" rel=\"noopener\">Ver archivo adjunto<\/a><\/p>\n","protected":false},"excerpt":{"rendered":"<p>El domingo 18 de mayo, las Ferias Agropecuarias Mistura cumplieron un a?o en su labor por incluir social y econ?micamente a los peque?os productores agropecuarios en el mercado gastron?mico de Lima. Participaron m?s de 40 productores procedentes de 17 regiones del pa?s.<\/p>\n","protected":false},"author":1,"featured_media":7848,"comment_status":"closed","ping_status":"closed","sticky":false,"template":"","format":"standard","meta":{"footnotes":""},"categories":[9],"tags":[],"class_list":["post-1828","post","type-post","status-publish","format-standard","has-post-thumbnail","hentry","category-noticias"],"_links":{"self":[{"href":"https:\/\/ceas.org.pe\/index.php\/wp-json\/wp\/v2\/posts\/1828","targetHints":{"allow":["GET"]}}],"collection":[{"href":"https:\/\/ceas.org.pe\/index.php\/wp-json\/wp\/v2\/posts"}],"about":[{"href":"https:\/\/ceas.org.pe\/index.php\/wp-json\/wp\/v2\/types\/post"}],"author":[{"embeddable":true,"href":"https:\/\/ceas.org.pe\/index.php\/wp-json\/wp\/v2\/users\/1"}],"replies":[{"embeddable":true,"href":"https:\/\/ceas.org.pe\/index.php\/wp-json\/wp\/v2\/comments?post=1828"}],"version-history":[{"count":1,"href":"https:\/\/ceas.org.pe\/index.php\/wp-json\/wp\/v2\/posts\/1828\/revisions"}],"predecessor-version":[{"id":7389,"href":"https:\/\/ceas.org.pe\/index.php\/wp-json\/wp\/v2\/posts\/1828\/revisions\/7389"}],"wp:featuredmedia":[{"embeddable":true,"href":"https:\/\/ceas.org.pe\/index.php\/wp-json\/wp\/v2\/media\/7848"}],"wp:attachment":[{"href":"https:\/\/ceas.org.pe\/index.php\/wp-json\/wp\/v2\/media?parent=1828"}],"wp:term":[{"taxonomy":"category","embeddable":true,"href":"https:\/\/ceas.org.pe\/index.php\/wp-json\/wp\/v2\/categories?post=1828"},{"taxonomy":"post_tag","embeddable":true,"href":"https:\/\/ceas.org.pe\/index.php\/wp-json\/wp\/v2\/tags?post=1828"}],"curies":[{"name":"wp","href":"https:\/\/api.w.org\/{rel}","templated":true}]}}