{"id":1819,"date":"2014-05-14T12:02:28","date_gmt":"2014-05-14T12:02:28","guid":{"rendered":""},"modified":"2026-03-11T09:12:22","modified_gmt":"2026-03-11T14:12:22","slug":"sepa-cuoles-son-las-regiones-que-han-reducido-ondices-de-desnutricion","status":"publish","type":"post","link":"https:\/\/ceas.org.pe\/index.php\/2014\/05\/14\/sepa-cuoles-son-las-regiones-que-han-reducido-ondices-de-desnutricion\/","title":{"rendered":"Sepa cu\u00f3les son las regiones que han reducido \u00f3ndices de desnutrici\u00f3n"},"content":{"rendered":"<div>En el marco del D\u00eda de Acci\u00f3n Mundial por la Nutrici\u00f3n, realizado por la Iniciativa Contra la Desnutrici\u00f3n Infantil (IDI) y la Uni\u00f3n Europea, se hizo un reconocimiento a los gobiernos regionales de Puno, Cusco, Hu\u00e1nuco y Huancavelica por haber desarrollado pol\u00edticas a favor de la disminuci\u00f3n de la desnutrici\u00f3n cr\u00f3nica (DC), cumpliendo as\u00ed con los compromisos firmados en los Acuerdos de Gobernabilidad.<\/div>\n<div>\u00a0<\/div>\n<div>Maruja Boggio, consultora de la Mesa de Concertaci\u00f3n para la Lucha contra la<\/div>\n<div>\u00a0<\/div>\n<div>Pobreza \u2013 MCLCP, fue la encargada de realizar estos reconocimientos, \u201ceste es un incentivo c\u00edvico de reconocimiento e impulso para que sigan trabajando en reducir la desnutrici\u00f3n infantil en sus regiones. El reconocimiento es a la regi\u00f3n, pues la desnutrici\u00f3n cr\u00f3nica es un problema de responsabilidad compartida entre el gobierno, la sociedad y la familia\u201d, enfatiz\u00f3 Maruja.<\/div>\n<div>\u00a0<\/div>\n<div><strong>La premiaci\u00f3n<\/strong><\/div>\n<div>Huancavelica es la regi\u00f3n con las m\u00e1s altas tasas de DC infantil. En el a\u00f1o 2007 la prevalencia era de 59.2% y si bien hasta el a\u00f1o 2011 su descenso fue lento, a partir de ese a\u00f1o inicia una alta reducci\u00f3n, llegando a un 42.6% en el 2013, reduci\u00e9ndola en 16.6 puntos porcentuales, representando un 28%. Si bien a\u00fan no ha logrado cumplir la meta del Acuerdo de Gobernabilidad, la voluntad pol\u00edtica expresada en ella y su gobierno regional, fue grande, \u00a0proponi\u00e9ndose una de las metas m\u00e1s altas (reducirla en un 42% entre los a\u00f1os 2010 y 2014.).<\/div>\n<div>\u00a0<\/div>\n<div>En los \u00faltimos 3 a\u00f1os logr\u00f3 una reducci\u00f3n del 23%, bastante m\u00e1s que el promedio nacional y ha creado condiciones favorables para continuar sostenidamente esta reducci\u00f3n. Por un lado, adapt\u00f3 su organizaci\u00f3n institucional a una mejor articulaci\u00f3n intersectorial de las intervenciones en la provincias y ,por otro, ha ido logrando las coberturas m\u00e1s altas en el pa\u00eds, en vacunaci\u00f3n contra el neumococo y rotavirus (88.2%) y en el servicio del CRED (75.8%).<\/div>\n<div>\u00a0<\/div>\n<div>Puno, regi\u00f3n \u00a0con altos niveles de DC (36.7%) ha tenido la m\u00e1s alta reducci\u00f3n proporcional desde el a\u00f1o 2007 (-48%). Asimismo, ha cumplido ya la meta de reducir al 15% la desnutrici\u00f3n, comprometida en los Acuerdos de Gobernabilidad del a\u00f1o 2010 y ha logrado un buen incremento de coberturas en vacunas contra el neumococo y rotavirus (74.7%), en cobertura del CRED (66.2%) y en menor medida en la suplementaci\u00f3n de hierro a los menores de 36 meses (23.2%).<\/div>\n<div>\u00a0<\/div>\n<div>Cusco ocupa el segundo lugar, entre las regiones con alto nivel de DC (36.9%), en \u00a0reducci\u00f3n de la proporci\u00f3n de DC (-46%), ocupando el primer lugar en esta reducci\u00f3n en los \u00faltimos dos a\u00f1os (-33%). Ha cumplido ya m\u00e1s de la meta del Acuerdo de Gobernabilidad regional (llegar al 20%) logrando reducirla al 16.3%. Asimismo, logra un buen desempe\u00f1o en la cobertura del CRED (58.8%), en la cobertura de vacunas contra el neumococo y rotavirus (73.3%) y en la suplementaci\u00f3n de hierro a los menores de 36 meses (36.5%).<\/div>\n<div>\u00a0<\/div>\n<div>Hu\u00e1nuco, partiendo de muy altos niveles de DC (49.4%), logra una alta reducci\u00f3n proporcional (-28%), siendo la de mayor reducci\u00f3n en t\u00e9rminos de puntos porcentuales (-20.4 p.p). Ha logrado ya cumplir con creces la meta comprometida (reducir al 26%) en el Acuerdo de Gobernabilidad Regional, llegando al 22.1%. Igualmente logra un buen desempe\u00f1o en cobertura de las vacunas contra el rotavirus y neumococo (80.1%), y de CRED (69.3%) ocupando los segundos lugares en ambos.<\/div>\n<div>\u00a0<\/div>\n<div>La ceremonia de reconocimiento se llev\u00f3 a cabo en el Hotel Sheraton de Lima, en el evento por el D\u00eda de Acci\u00f3n Mundial por la Nutrici\u00f3n \u2013 Per\u00fa, inaugurado por la Ministra de Desarrollo e Inclusi\u00f3n Social, Paola Bustamante Su\u00e1rez y que cont\u00f3 tambi\u00e9n con la participaci\u00f3n de Federico Arnillas, Pdte. de la Mesa de Concertaci\u00f3n de Lucha contra la Pobreza; Milo Stanojevich, Coordinador General de la IDI; Nelly Huaman\u00ed, asesora del Ministerio de Econom\u00eda y Finanzas; Luc\u00eda Sol\u00eds, asesora del Ministerio de Salud; entre otros.<\/div>\n<div>\u00a0<\/div>\n<div>Fuente: iniciativacontradesnutricion.org.pe<\/div>\n<p><a href=\"http:\/\/web.hilo.org.pe\/wp-content\/uploads\/indicesdesnutricion.jpg\" target=\"_blank\" rel=\"noopener\">Ver archivo adjunto<\/a><\/p>\n","protected":false},"excerpt":{"rendered":"<p>En el marco del D?a de Acci?n Mundial por la Nutrici?n, realizado por la Iniciativa Contra la Desnutrici?n Infantil (IDI) y la Uni?n Europea, se hizo un reconocimiento a los gobiernos regionales de Puno, Cusco, Hu?nuco y Huancavelica por haber desarrollado pol?ticas a favor de la disminuci?n de la desnutrici?n cr?nica (DC), cumpliendo as? con los compromisos firmados en los Acuerdos de Gobernabilidad.<\/p>\n","protected":false},"author":1,"featured_media":8080,"comment_status":"closed","ping_status":"closed","sticky":false,"template":"","format":"standard","meta":{"footnotes":""},"categories":[9],"tags":[],"class_list":["post-1819","post","type-post","status-publish","format-standard","has-post-thumbnail","hentry","category-noticias"],"_links":{"self":[{"href":"https:\/\/ceas.org.pe\/index.php\/wp-json\/wp\/v2\/posts\/1819","targetHints":{"allow":["GET"]}}],"collection":[{"href":"https:\/\/ceas.org.pe\/index.php\/wp-json\/wp\/v2\/posts"}],"about":[{"href":"https:\/\/ceas.org.pe\/index.php\/wp-json\/wp\/v2\/types\/post"}],"author":[{"embeddable":true,"href":"https:\/\/ceas.org.pe\/index.php\/wp-json\/wp\/v2\/users\/1"}],"replies":[{"embeddable":true,"href":"https:\/\/ceas.org.pe\/index.php\/wp-json\/wp\/v2\/comments?post=1819"}],"version-history":[{"count":1,"href":"https:\/\/ceas.org.pe\/index.php\/wp-json\/wp\/v2\/posts\/1819\/revisions"}],"predecessor-version":[{"id":7400,"href":"https:\/\/ceas.org.pe\/index.php\/wp-json\/wp\/v2\/posts\/1819\/revisions\/7400"}],"wp:featuredmedia":[{"embeddable":true,"href":"https:\/\/ceas.org.pe\/index.php\/wp-json\/wp\/v2\/media\/8080"}],"wp:attachment":[{"href":"https:\/\/ceas.org.pe\/index.php\/wp-json\/wp\/v2\/media?parent=1819"}],"wp:term":[{"taxonomy":"category","embeddable":true,"href":"https:\/\/ceas.org.pe\/index.php\/wp-json\/wp\/v2\/categories?post=1819"},{"taxonomy":"post_tag","embeddable":true,"href":"https:\/\/ceas.org.pe\/index.php\/wp-json\/wp\/v2\/tags?post=1819"}],"curies":[{"name":"wp","href":"https:\/\/api.w.org\/{rel}","templated":true}]}}