{"id":1818,"date":"2014-05-15T08:37:00","date_gmt":"2014-05-15T08:37:00","guid":{"rendered":""},"modified":"2026-03-11T09:12:22","modified_gmt":"2026-03-11T14:12:22","slug":"foro-poblico-solidaridad-con-la-vida-y-la-dignidad","status":"publish","type":"post","link":"https:\/\/ceas.org.pe\/index.php\/2014\/05\/15\/foro-poblico-solidaridad-con-la-vida-y-la-dignidad\/","title":{"rendered":"Foro p\u00f3blico: \u00abSolidaridad con la vida y la dignidad\u00bb"},"content":{"rendered":"<div>La CONFERENCIA EPISCOPAL PERUANA<\/div>\n<div>La Conferencia Episcopal Peruana invita al foro p\u00fablico: \u00abSolidaridad con la Vida y la Dignidad\u00bb, un evento realizado dentro del marco del lanzamiento de la campa\u00f1a Compartir 2014, cuya preocupaci\u00f3n principal es la lucha contra el tr\u00e1fico y la trata de personas.<\/div>\n<div>\u00a0<\/div>\n<div>Entre los temas que se abordar\u00e1n est\u00e1 la ponencia \u00abLa situaci\u00f3n actual de al trata de personas y desaf\u00edos para una sociedad sin trata\u00bb, y se har\u00e1 la presentaci\u00f3n oficial de la XXV Campa\u00f1a Compartir 2014.<\/div>\n<div>\u00a0<\/div>\n<div>El foro se realizar\u00e1 este viernes 16 de mayo a las 10:30 de la ma\u00f1ana, en el auditorio \u201cVicente Santuc\u201d de la Universidad Antonio Ruiz de Montoya, ubicado en Paso de los Andes 970 &#8211; Pueblo Libre (Lima)<\/div>\n<div>\u00a0<\/div>\n<div>\u00a0<\/div>\n<div>\u00a0<\/div>\n<p><a href=\"http:\/\/web.hilo.org.pe\/wp-content\/uploads\/solidaridad con la vida.jpg\" target=\"_blank\" rel=\"noopener\">Ver archivo adjunto<\/a><\/p>\n","protected":false},"excerpt":{"rendered":"<p>La Conferencia Episcopal Peruana invita al foro p?blico: \u00abSolidaridad con la Vida y la Dignidad\u00bb, un evento realizado dentro del marco del lanzamiento de la campa?a Compartir 2014, cuya preocupaci?n principal es la lucha contra el tr?fico y la trata de personas.<\/p>\n","protected":false},"author":1,"featured_media":7961,"comment_status":"closed","ping_status":"closed","sticky":false,"template":"","format":"standard","meta":{"footnotes":""},"categories":[9],"tags":[],"class_list":["post-1818","post","type-post","status-publish","format-standard","has-post-thumbnail","hentry","category-noticias"],"_links":{"self":[{"href":"https:\/\/ceas.org.pe\/index.php\/wp-json\/wp\/v2\/posts\/1818","targetHints":{"allow":["GET"]}}],"collection":[{"href":"https:\/\/ceas.org.pe\/index.php\/wp-json\/wp\/v2\/posts"}],"about":[{"href":"https:\/\/ceas.org.pe\/index.php\/wp-json\/wp\/v2\/types\/post"}],"author":[{"embeddable":true,"href":"https:\/\/ceas.org.pe\/index.php\/wp-json\/wp\/v2\/users\/1"}],"replies":[{"embeddable":true,"href":"https:\/\/ceas.org.pe\/index.php\/wp-json\/wp\/v2\/comments?post=1818"}],"version-history":[{"count":1,"href":"https:\/\/ceas.org.pe\/index.php\/wp-json\/wp\/v2\/posts\/1818\/revisions"}],"predecessor-version":[{"id":7398,"href":"https:\/\/ceas.org.pe\/index.php\/wp-json\/wp\/v2\/posts\/1818\/revisions\/7398"}],"wp:featuredmedia":[{"embeddable":true,"href":"https:\/\/ceas.org.pe\/index.php\/wp-json\/wp\/v2\/media\/7961"}],"wp:attachment":[{"href":"https:\/\/ceas.org.pe\/index.php\/wp-json\/wp\/v2\/media?parent=1818"}],"wp:term":[{"taxonomy":"category","embeddable":true,"href":"https:\/\/ceas.org.pe\/index.php\/wp-json\/wp\/v2\/categories?post=1818"},{"taxonomy":"post_tag","embeddable":true,"href":"https:\/\/ceas.org.pe\/index.php\/wp-json\/wp\/v2\/tags?post=1818"}],"curies":[{"name":"wp","href":"https:\/\/api.w.org\/{rel}","templated":true}]}}