{"id":1812,"date":"2014-05-08T09:53:04","date_gmt":"2014-05-08T09:53:04","guid":{"rendered":""},"modified":"2026-03-11T09:12:22","modified_gmt":"2026-03-11T14:12:22","slug":"algunos-cambios-del-portal-www-vatican-va","status":"publish","type":"post","link":"https:\/\/ceas.org.pe\/index.php\/2014\/05\/08\/algunos-cambios-del-portal-www-vatican-va\/","title":{"rendered":"Algunos cambios del Portal www.Vatican.va"},"content":{"rendered":"<p>\u00a0(PCCS).- El Portal Web de la Santa Sede www.vatican.va, con un promedio de medio mill\u00f3n de visitas mensuales, recientemente ha realizado algunos cambios interesantes de anotar. A diferencia de la tradicional p\u00e1gina de inicio que invitaba a seleccionar un idioma, ahora el sitio reconoce el idioma predeterminado del navegador y se presenta con dos grandes \u00e1reas de men\u00fas que corresponden al Santo Padre y su Magisterio Pontificio, que ocupa la parte izquierda de la pantalla; mientras que la segunda \u00e1rea de men\u00fas corresponden a la informaci\u00f3n multimedia presentada como \u00abeventos\u00bb del Papa y de la Curia Vaticana.<\/p>\n<div>\u00a0<\/div>\n<div>De esa manera se constata, navegando en el sitio web www.vatican.va, que los contenidos han sido re-estructurados siguiendo una l\u00f3gica temporal cl\u00e1sica de internet, en la cual los \u00faltimos eventos se presentan al inicio; adem\u00e1s se evidencia que al cl\u00e1sico contenido textual ahora se ha a\u00f1adido el imprescindible contenido multimedia como las fotograf\u00edas y los videos, que a su vez pueden ser compartidos en las redes sociales.<\/div>\n<div>\u00a0<\/div>\n<div>Estos cambios que responden a las evoluci\u00f3n tecnol\u00f3gica de los lenguajes de Internet, tambi\u00e9n contemplan los criterios de aumentar la accesibilidad y navegabilidad del portal de la Santa Sede; en este sentido se han implementado la versi\u00f3n m\u00f3vil de la p\u00e1gina y la \u00abapp\u00bb que se puede descargar desde el mismo sitio para los distintos dispositivos m\u00f3viles.<\/div>\n<div>\u00a0<\/div>\n<div>Otra novedad que se aprehende en la navegaci\u00f3n del portal es la potenciaci\u00f3n del motor de b\u00fasqueda que presenta las noticias agrupadas seg\u00fan las c\u00e9lulas informativas.<\/div>\n<p><a href=\"http:\/\/web.hilo.org.pe\/wp-content\/uploads\/santa sede 1.jpg\" target=\"_blank\" rel=\"noopener\">Ver archivo adjunto<\/a><\/p>\n","protected":false},"excerpt":{"rendered":"<p>(PCCS).- El Portal Web de la Santa Sede www.vatican.va, con un promedio de medio mill?n de visitas mensuales, recientemente ha realizado algunos cambios interesantes de anotar. A diferencia de la tradicional p?gina de inicio que invitaba a seleccionar un idioma, ahora el sitio reconoce el idioma predeterminado del navegador y se presenta con dos grandes ?reas de men?s que corresponden al Santo Padre y su Magisterio Pontificio, que ocupa la parte izquierda de la pantalla; mientras que la segunda ?rea de men?s corresponden a la informaci?n multimedia presentada como \u00abeventos\u00bb del Papa y de la Curia Vaticana.<\/p>\n","protected":false},"author":1,"featured_media":8005,"comment_status":"closed","ping_status":"closed","sticky":false,"template":"","format":"standard","meta":{"footnotes":""},"categories":[9],"tags":[],"class_list":["post-1812","post","type-post","status-publish","format-standard","has-post-thumbnail","hentry","category-noticias"],"_links":{"self":[{"href":"https:\/\/ceas.org.pe\/index.php\/wp-json\/wp\/v2\/posts\/1812","targetHints":{"allow":["GET"]}}],"collection":[{"href":"https:\/\/ceas.org.pe\/index.php\/wp-json\/wp\/v2\/posts"}],"about":[{"href":"https:\/\/ceas.org.pe\/index.php\/wp-json\/wp\/v2\/types\/post"}],"author":[{"embeddable":true,"href":"https:\/\/ceas.org.pe\/index.php\/wp-json\/wp\/v2\/users\/1"}],"replies":[{"embeddable":true,"href":"https:\/\/ceas.org.pe\/index.php\/wp-json\/wp\/v2\/comments?post=1812"}],"version-history":[{"count":1,"href":"https:\/\/ceas.org.pe\/index.php\/wp-json\/wp\/v2\/posts\/1812\/revisions"}],"predecessor-version":[{"id":7408,"href":"https:\/\/ceas.org.pe\/index.php\/wp-json\/wp\/v2\/posts\/1812\/revisions\/7408"}],"wp:featuredmedia":[{"embeddable":true,"href":"https:\/\/ceas.org.pe\/index.php\/wp-json\/wp\/v2\/media\/8005"}],"wp:attachment":[{"href":"https:\/\/ceas.org.pe\/index.php\/wp-json\/wp\/v2\/media?parent=1812"}],"wp:term":[{"taxonomy":"category","embeddable":true,"href":"https:\/\/ceas.org.pe\/index.php\/wp-json\/wp\/v2\/categories?post=1812"},{"taxonomy":"post_tag","embeddable":true,"href":"https:\/\/ceas.org.pe\/index.php\/wp-json\/wp\/v2\/tags?post=1812"}],"curies":[{"name":"wp","href":"https:\/\/api.w.org\/{rel}","templated":true}]}}