{"id":1811,"date":"2014-05-09T09:40:39","date_gmt":"2014-05-09T09:40:39","guid":{"rendered":""},"modified":"2026-03-11T09:12:22","modified_gmt":"2026-03-11T14:12:22","slug":"oxapampa-indogenas-agrupados-en-federaciones-protegen-la-biosfera","status":"publish","type":"post","link":"https:\/\/ceas.org.pe\/index.php\/2014\/05\/09\/oxapampa-indogenas-agrupados-en-federaciones-protegen-la-biosfera\/","title":{"rendered":"Oxapampa: ind\u00f3genas agrupados en federaciones protegen la bi\u00f3sfera"},"content":{"rendered":"<p>(Servindi) Las federaciones ind\u00edgenas de la Reserva de Biosfera Oxapampa Ash\u00e1ninka Y\u00e1nesha (RBOAY) elaboraron una agenda de trabajo para fortalecer sus organizaciones y lograr una participaci\u00f3n activa de los beneficios y oportunidades que ofrece.<\/p>\n<p>El acuerdo se estableci\u00f3 en una jornada realizada el 21 y 22 de abril en la Biblioteca Municipal de Oxapampa con la participaci\u00f3n de las organizaciones ind\u00edgenas ANAP, UNAY, FECONAYA y la Asociaci\u00f3n Regional de Pueblos Ind\u00edgenas de la Sselva Central (ARPI SC).<\/p>\n<div>\u00a0<\/div>\n<div>Tambi\u00e9n participaron representantes de la Municipalidad Provincial de Oxapampa, la Municipalidad Distrital de Constituci\u00f3n, la Municipalidad Distrital de Villa Rica y de la Unidad Ejecutora Selva Central del Gobierno Regional.<\/div>\n<div>\u00a0<\/div>\n<div>La asociaci\u00f3n Instituto del Bien Com\u00fan (IBC) estuvo a cafrgo de la facilitaci\u00f3n del proceso.<\/div>\n<div>La Reserva de Biosfera Oxapampa Ash\u00e1ninka Y\u00e1nesha est\u00e1 ubicada en la provincia de Oxapampa, departamento de Pasco, y constituye un punto muy importante de conservaci\u00f3n por su alta biodiversidad biol\u00f3gica.<\/div>\n<div>\u00a0<\/div>\n<div>Contiene \u00e1reas naturales protegidas como el Parque Nacional YanachagaChemill\u00e9n y numerosa presencia de diversas culturas ind\u00edgenas, colonos y ribere\u00f1os.<\/div>\n<div>\u00a0<\/div>\n<div>Conocedores de la importancia de la reserva de biosfera como modelo de desarrollo sostenible, las organizaciones ind\u00edgenas consensuaron en impulsar una mayor difusi\u00f3n y sensibilizaci\u00f3n sobre la importancia del cuidado y beneficios de la reserva.<\/div>\n<div>\u00a0<\/div>\n<div><strong>Los beneficios deben llegar a todos<\/strong><\/div>\n<div>H\u00e9ctor Lucas Santos, presidente de la ARPI-SC explic\u00f3 que \u201clas comunidades nativas todav\u00eda no entienden los beneficios de la RBOAY, por ello es necesario establecer una agenda que sirva para toda la poblaci\u00f3n Ash\u00e1ninka y Y\u00e1nesha.\u201d<\/div>\n<div>\u00a0<\/div>\n<div>\u201cLos beneficios deben llegar a las comunidades para dar sostenibilidad a sus productos maderables, plantas medicinales y artesan\u00eda\u201d agreg\u00f3 el dirigente ashaninka.<\/div>\n<div>\u00a0<\/div>\n<div>RBOAY, esperando que los gobiernos locales de la provincia de Oxapampa impulsen iniciativas al respecto.<\/div>\n<div>\u00a0<\/div>\n<div>Para la lograr un desarrollo integral y arm\u00f3nico entre la poblaci\u00f3n local y la biodiversidad de la reserva las organizaciones se han propuesto alcanzar el reconocimiento y el saneamiento de la propiedad territorial.<\/div>\n<div>\u00a0<\/div>\n<div>Tambi\u00e9n es fundamental proteger y conservar los ecosistemas, as\u00ed como garantizar servicios b\u00e1sicos de calidad y acceso para todos los pobladores.<\/div>\n<div>\u00a0<\/div>\n<div>Por eso las comunidades aspiran a fortalecer la educaci\u00f3n, la econom\u00eda y la cultura de las poblaciones ind\u00edgenas de la Selva Central.<\/div>\n<div>\u00a0<\/div>\n<div>Los representantes de las federaciones insistieron en la trascendencia de reforzar la alianza entre las organizaciones.<\/div>\n<div>\u00a0<\/div>\n<div>HilderbrandoRuffner, asesor t\u00e9cnico de FECONAYA, destac\u00f3 la creaci\u00f3n de la RBOAY como un modelo de alianza institucional.<\/div>\n<div>\u00a0<\/div>\n<div>\u201cLo m\u00e1s relevante que hemos aprendido como movimiento ind\u00edgena es la capacidad de alianza intercultural para una gesti\u00f3n pol\u00edtica. Estamos encontrando sinergias que nos permiten definir pol\u00edticas con intereses comunes\u201d afirm\u00f3.<\/div>\n<div>\u00a0<\/div>\n<div>Una correcta gesti\u00f3n de la reserva de biosfera debe incluir a los pueblos originarios en los planes operativos institucionales de las Municipalidades de la Provincia y del Gobierno Regional de Pasco.<\/div>\n<div>\u00a0<\/div>\n<div>Por ello las federaciones ind\u00edgenas trabajaran de manera concertada con las municipalidades, gobiernos locales y regionales y con el acompa\u00f1amiento del IBC.<\/div>\n<div>Asimismo, es importante establecer planes de calidad de vida en las comunidades para que prioricen sus necesidades y demandas a futuro.<\/div>\n<div>\u00a0<\/div>\n<div>Por su parte, el IBC expres\u00f3 su intenci\u00f3n de apoyar las iniciativas de ordenamiento territorial con enfoque intercultural en las comunidades nativas y en los gobiernos locales y regionales.<\/div>\n<div>Adem\u00e1s, se propone fortalecer la gesti\u00f3n de las \u00e1reas naturales protegidas e incentivar la creaci\u00f3n de \u00e1reas de conservaci\u00f3n en zonas de cabeceras en la RBOAY. Todo esto bajo un enfoque de gesti\u00f3n a nivel de la cuenca del r\u00edo Pachitea.<\/div>\n<p><a href=\"http:\/\/web.hilo.org.pe\/wp-content\/uploads\/federaciones.jpg\" target=\"_blank\" rel=\"noopener\">Ver archivo adjunto<\/a><\/p>\n","protected":false},"excerpt":{"rendered":"<p>(Servindi) Las federaciones ind?genas de la Reserva de Biosfera Oxapampa Ash?ninka Y?nesha (RBOAY) elaboraron una agenda de trabajo para fortalecer sus organizaciones y lograr una participaci?n activa de los beneficios y oportunidades que ofrece.<\/p>\n","protected":false},"author":1,"featured_media":7848,"comment_status":"closed","ping_status":"closed","sticky":false,"template":"","format":"standard","meta":{"footnotes":""},"categories":[9],"tags":[],"class_list":["post-1811","post","type-post","status-publish","format-standard","has-post-thumbnail","hentry","category-noticias"],"_links":{"self":[{"href":"https:\/\/ceas.org.pe\/index.php\/wp-json\/wp\/v2\/posts\/1811","targetHints":{"allow":["GET"]}}],"collection":[{"href":"https:\/\/ceas.org.pe\/index.php\/wp-json\/wp\/v2\/posts"}],"about":[{"href":"https:\/\/ceas.org.pe\/index.php\/wp-json\/wp\/v2\/types\/post"}],"author":[{"embeddable":true,"href":"https:\/\/ceas.org.pe\/index.php\/wp-json\/wp\/v2\/users\/1"}],"replies":[{"embeddable":true,"href":"https:\/\/ceas.org.pe\/index.php\/wp-json\/wp\/v2\/comments?post=1811"}],"version-history":[{"count":1,"href":"https:\/\/ceas.org.pe\/index.php\/wp-json\/wp\/v2\/posts\/1811\/revisions"}],"predecessor-version":[{"id":7406,"href":"https:\/\/ceas.org.pe\/index.php\/wp-json\/wp\/v2\/posts\/1811\/revisions\/7406"}],"wp:featuredmedia":[{"embeddable":true,"href":"https:\/\/ceas.org.pe\/index.php\/wp-json\/wp\/v2\/media\/7848"}],"wp:attachment":[{"href":"https:\/\/ceas.org.pe\/index.php\/wp-json\/wp\/v2\/media?parent=1811"}],"wp:term":[{"taxonomy":"category","embeddable":true,"href":"https:\/\/ceas.org.pe\/index.php\/wp-json\/wp\/v2\/categories?post=1811"},{"taxonomy":"post_tag","embeddable":true,"href":"https:\/\/ceas.org.pe\/index.php\/wp-json\/wp\/v2\/tags?post=1811"}],"curies":[{"name":"wp","href":"https:\/\/api.w.org\/{rel}","templated":true}]}}