{"id":1809,"date":"2014-05-07T10:10:35","date_gmt":"2014-05-07T10:10:35","guid":{"rendered":""},"modified":"2026-03-11T09:12:23","modified_gmt":"2026-03-11T14:12:23","slug":"coritas-del-pero-presentaro-proyectos-de-desarrollo-sostenible-en-su-stand-no-36-en-la-11a-exporse-2","status":"publish","type":"post","link":"https:\/\/ceas.org.pe\/index.php\/2014\/05\/07\/coritas-del-pero-presentaro-proyectos-de-desarrollo-sostenible-en-su-stand-no-36-en-la-11a-exporse-2\/","title":{"rendered":"C\u00f3ritas del Per\u00f3 presentar\u00f3 proyectos de desarrollo sostenible en su stand N\u00f3 36 en la 11a Exporse 2"},"content":{"rendered":"<p>Con el prop\u00f3sito de dar a conocer los proyectos que se ejecutan para contrarrestar los efectos adversos del cambio clim\u00e1tico, C\u00e1ritas del Per\u00fa participar\u00e1 en el stand N\u00b0 36, los d\u00edas 7, 8 y 9 de mayo, en la 11\u00aa Expoferia de Proyectos de Responsabilidad Social Empresarial organizada por Per\u00fa 2021 en el Campus de la Pontificia Universidad Cat\u00f3lica del Per\u00fa.<\/p>\n<div>\u00a0<\/div>\n<div>Este evento reunir\u00e1 a m\u00e1s de 40 empresas y organizaciones comprometidas con la conservaci\u00f3n del medio ambiente, bajo el lema \u201cEl Poder del Compromiso\u201d, que es una de las principales plataformas de exposici\u00f3n de programas de Responsabilidad Social orientados al cuidado del medio ambiente.<\/div>\n<div>\u00a0<\/div>\n<div>C\u00e1ritas del Per\u00fa, que cuenta con 58 a\u00f1os de experiencia ejecutando programas y proyectos de Desarrollo Humano Integral Sostenible en las poblaciones m\u00e1s vulnerables del pa\u00eds, presentar\u00e1 en esta ocasi\u00f3n sus proyectos ambientales desarrollados en cuatro l\u00edneas de acci\u00f3n: mitigaci\u00f3n, gesti\u00f3n de riesgos, adaptaci\u00f3n al cambio clim\u00e1tico y seguridad alimentaria.<\/div>\n<div>\u00a0<\/div>\n<div>En el stand N\u00b0 36, C\u00e1ritas del Per\u00fa dar\u00e1 a conocer su experiencia en viviendas con Confort T\u00e9rmico que se vienen construyendo desde el a\u00f1o 2008 en las zonas altoandinas del Per\u00fa. Estas casas permiten atrapar el calor solar durante el d\u00eda para evitar el descenso de la temperatura durante la noche, ya que est\u00e1n construidas usando la tecnolog\u00eda de muros trombe. Estas viviendas incluyen cocinas mejoradas y pisos de madera, convirti\u00e9ndose en una alternativa para atenuar los fr\u00edos extremos que se presentan en estas zonas.<\/div>\n<div>\u00a0<\/div>\n<div>Tambi\u00e9n se expondr\u00e1n los resultados de proyectos de forestaci\u00f3n y reforestaci\u00f3n en Tumbes y Ancash, as\u00ed como iniciativas en salud y nutrici\u00f3n que han reducido la desnutrici\u00f3n cr\u00f3nica y la anemia infantil en diversas zonas del pa\u00eds.<\/div>\n<div>\u00a0<\/div>\n<div>C\u00e1ritas del Per\u00fa ha preparado un programa de exposiciones donde sus especialistas compartir\u00e1n su conocimiento con el p\u00fablico que se acerque al stand N\u00b036. Contaremos con la participaci\u00f3n de la Ing. Gladys Castillo Pati\u00f1o, Coordinadora del Programa de Medio Ambiente y del Ing. \u00c1ngel Allccarima, Coordinador de Emergencias y Gesti\u00f3n de Riesgos de C\u00e1ritas del Per\u00fa.<\/div>\n<p><a href=\"http:\/\/web.hilo.org.pe\/wp-content\/uploads\/caritas.jpg\" target=\"_blank\" rel=\"noopener\">Ver archivo adjunto<\/a><\/p>\n","protected":false},"excerpt":{"rendered":"<p>Con el prop?sito de dar a conocer los proyectos que se ejecutan para contrarrestar los efectos adversos del cambio clim?tico, C?ritas del Per? participar? en el stand N? 36, los d?as 7, 8 y 9 de mayo, en la 11? Expoferia de Proyectos de Responsabilidad Social Empresarial organizada por Per? 2021 en el Campus de la Pontificia Universidad Cat?lica del Per?.<\/p>\n","protected":false},"author":1,"featured_media":7963,"comment_status":"closed","ping_status":"closed","sticky":false,"template":"","format":"standard","meta":{"footnotes":""},"categories":[9],"tags":[],"class_list":["post-1809","post","type-post","status-publish","format-standard","has-post-thumbnail","hentry","category-noticias"],"_links":{"self":[{"href":"https:\/\/ceas.org.pe\/index.php\/wp-json\/wp\/v2\/posts\/1809","targetHints":{"allow":["GET"]}}],"collection":[{"href":"https:\/\/ceas.org.pe\/index.php\/wp-json\/wp\/v2\/posts"}],"about":[{"href":"https:\/\/ceas.org.pe\/index.php\/wp-json\/wp\/v2\/types\/post"}],"author":[{"embeddable":true,"href":"https:\/\/ceas.org.pe\/index.php\/wp-json\/wp\/v2\/users\/1"}],"replies":[{"embeddable":true,"href":"https:\/\/ceas.org.pe\/index.php\/wp-json\/wp\/v2\/comments?post=1809"}],"version-history":[{"count":1,"href":"https:\/\/ceas.org.pe\/index.php\/wp-json\/wp\/v2\/posts\/1809\/revisions"}],"predecessor-version":[{"id":7409,"href":"https:\/\/ceas.org.pe\/index.php\/wp-json\/wp\/v2\/posts\/1809\/revisions\/7409"}],"wp:featuredmedia":[{"embeddable":true,"href":"https:\/\/ceas.org.pe\/index.php\/wp-json\/wp\/v2\/media\/7963"}],"wp:attachment":[{"href":"https:\/\/ceas.org.pe\/index.php\/wp-json\/wp\/v2\/media?parent=1809"}],"wp:term":[{"taxonomy":"category","embeddable":true,"href":"https:\/\/ceas.org.pe\/index.php\/wp-json\/wp\/v2\/categories?post=1809"},{"taxonomy":"post_tag","embeddable":true,"href":"https:\/\/ceas.org.pe\/index.php\/wp-json\/wp\/v2\/tags?post=1809"}],"curies":[{"name":"wp","href":"https:\/\/api.w.org\/{rel}","templated":true}]}}