{"id":1808,"date":"2014-05-07T09:56:52","date_gmt":"2014-05-07T09:56:52","guid":{"rendered":""},"modified":"2026-03-11T09:12:23","modified_gmt":"2026-03-11T14:12:23","slug":"indogenas-amazonicos-exponen-propuestas-de-cara-a-la-cop-20","status":"publish","type":"post","link":"https:\/\/ceas.org.pe\/index.php\/2014\/05\/07\/indogenas-amazonicos-exponen-propuestas-de-cara-a-la-cop-20\/","title":{"rendered":"Ind\u00f3genas amaz\u00f3nicos exponen propuestas de cara a la COP 20"},"content":{"rendered":"<p>(Servindi)- Roberto Espinoza, en representaci\u00f3n de la Coordinadora de las Organizaciones Ind\u00edgenas de la Cuenca Amaz\u00f3nica (COICA) expuso la propuesta de esta articulaci\u00f3n internacional frente a la Conferencia de las Partes sobre Cambio Clim\u00e1tico (COP20) que se desarrollar\u00e1 en Lima en diciembre de 2014.<\/p>\n<div>\u201cEsta COP es la \u00faltima oportunidad para que nuestra Amazon\u00eda sea viable. Por eso, la COICA movilizar\u00e1 300 l\u00edderes amaz\u00f3nicos a Lima para que hagan sentir su voz\u201d anunci\u00f3 Espinoza, qui\u00e9n anticip\u00f3 que habr\u00e1 un Pabell\u00f3n Amazon\u00eda Ind\u00edgena dentro del recinto oficial de la COP 20.<\/div>\n<div>\u00a0<\/div>\n<div>Seg\u00fan sostuvo Espinoza el eje de la propuesta gira en torno a la defensa de los derechos colectivos de las comunidades ind\u00edgenas de la amazon\u00eda. En este sentido la titulaci\u00f3n de los territorios ind\u00edgenas resulta un factor clave.<\/div>\n<div>\u00a0<\/div>\n<div>\u201cEn Per\u00fa faltan titular millones de hect\u00e1reas. La comunidad internacional debe saber que un t\u00edtulo m\u00e1s de propiedad para estas comunidades es m\u00e1s vida para el pa\u00eds. La titulaci\u00f3n les permitir\u00e1 hacer respetar, legalmente, sus derechos\u201d, explic\u00f3.<\/div>\n<div>\u00a0<\/div>\n<div>La exposici\u00f3n de la COICA se realiz\u00f3 en el marco del Di\u00e1logo Regional \u201cTendencias de las inversiones de infraestructura en la regi\u00f3n: Cambio clim\u00e1tico y gobernanza. Una participaci\u00f3n articulada de la sociedad civil\u201d que se efectu\u00f3 el 25 de abril, en Lima.<\/div>\n<div>\u00a0<\/div>\n<div><strong>Ocho pilares de incidencia ind\u00edgena amaz\u00f3nica en la COP 20<\/strong><\/div>\n<div><strong>Desarrrollismo \u00a0extractivista <\/strong>(IIRSA, agroindustria, megaproyectos) como impulsor estrat\u00e9gico de deforestaci\u00f3n y degradaci\u00f3n.<\/div>\n<div>\u00a0<\/div>\n<div><strong>Transici\u00f3n post extractivista<\/strong> <strong>\u00a0reorientando el desarrollismo <\/strong>(C. 169-7) mediante consulta \u00a0Ind\u00edgena (C. 169-6) y construcci\u00f3n conjunta de pol\u00edticas p\u00fablicas.<\/div>\n<div>\u00a0<\/div>\n<div><strong>Planes de Vida<\/strong> Plena Ind\u00edgena omo alternativas eficaces \u00a0de mitigaci\u00f3n, adaptaci\u00f3n y resiliencia, social y ecosist\u00e9mica ante la crisis clim\u00e1tica.<\/div>\n<div>\u00a0<\/div>\n<div><strong>Redd+ Ind\u00edgena:<\/strong> Redd+ m\u00e1s all\u00e1 del Carbono y del Mercado<\/div>\n<div>\u00a0<\/div>\n<div><strong>Adaptaci\u00f3n: <\/strong>Mujer Ind\u00edgena clave en la Adaptaci\u00f3n integrada con Mitigaci\u00f3n<\/div>\n<div>\u00a0<\/div>\n<div><strong>Adecuaci\u00f3n<\/strong> de Redd+ a cosmovisiones, derechos y propuestas ind\u00edgenas.<\/div>\n<div>\u00a0<\/div>\n<div><strong>Fondo Amazon\u00eda Ind\u00edgena Viva:<\/strong> Titulaci\u00f3n de 100 mills has. y Planes de Vida, Manejo y Redd Ind\u00edgena en 210 millones Has.<\/div>\n<div>\u00a0<\/div>\n<div><strong>Pabell\u00f3n Amazon\u00eda Ind\u00edgena: <\/strong>12 d\u00edas de saberes, artes y propuestas de PP.II. en di\u00e1logo con organizaciones sociales, estados, ONU, academia, artistas y medios.<\/div>\n<div>\u00a0<\/div>\n<div><strong>Enfoque integral del bosque amaz\u00f3nico<\/strong><\/div>\n<div>La propuesta de la COICA destaca la unicidad de los bques tropicales amaz\u00f3nicos y sustenta su estrategia en el reconocimiento de la multiplicidad inter conectada de las 24 (o m\u00e1s) funciones o servicios ecosist\u00e9micos de las selvas tropicales.<\/div>\n<div>\u00a0<\/div>\n<div>Los bosques tropicales cumplen funciones de abastecimiento, de regulaci\u00f3n, culturales y de sustento que mas all\u00e1 de su diversidad se encuentran interrelacionas, interconectadas y son integrales.<\/div>\n<div>\u00a0<\/div>\n<div>En la diversidad de funciones est\u00e1n las referidas al car\u00e1cter clim\u00e1tico, de las cuales se ha absolutizado la de mantener el balance de carbono, dejando de lado otras funciones clim\u00e1ticas esenciales como evapotranspiraci\u00f3n, absorci\u00f3n y reflexi\u00f3n solar, almacenamiento de agua, etc.<\/div>\n<div>\u00a0<\/div>\n<div>Para la COICA el concepto de \u201cBosques\u201d es limitado, porque se centra, aisla y absolutiza los \u00e1rboles. Ellos prefieren el concepto de \u201clas selvas\u201d que reflejan la unidad entre mega diversidad biol\u00f3gica y cultural.<\/div>\n<div>\u00a0<\/div>\n<div>De otro lado la mega diversidad cultural y biol\u00f3gica se presentan, construyen y mantienen en forma unida e interrelacionada. No hay una sin la otra.<\/div>\n<div>\u00a0<\/div>\n<div>La mega diversidad biol\u00f3gica est\u00e1 unida a la mega diversidad cultural de los pueblos ind\u00edgenas, porque son ellos quienes la construyeron ancestralmente y la siguen construyendo.<\/div>\n<div>\u00a0<\/div>\n<div>No existe la naturaleza como entidad \u201cpura\u201d sino cultural y socialmente construida. De aqu\u00ed la necesidad de un enfoque hol\u00edstico que exprese la interdependencia entre pueblos ind\u00edgenas y ecosistemas y bosques amaz\u00f3nicos.<\/div>\n<div>\u00a0<\/div>\n<div>Por eso si bien la capacidad de absorci\u00f3n y almacenaje de carbono es una funci\u00f3n ecosist\u00e9mica importante, no se puede separar de las dem\u00e1s funciones.<\/div>\n<div>\u00a0<\/div>\n<div>Diversos estudios demuestran que los territorios ind\u00edgenas tienen tasas de deforestaci\u00f3n menores que las \u00e1reas naturales protegidas a pesar que \u00e9stas gozan de mayor atenci\u00f3n y apoyo de los Estados y la cooperaci\u00f3n internacional.<\/div>\n<div>\u00a0<\/div>\n<div>Esto confirma que el factor cultural, el de las pr\u00e1cticas sociales de convivencia arm\u00f3nica con el bosque, resultan a la larga, m\u00e1s decisivas que los factores de financiamiento, y por tanto del propio mercado, indica un documento de la COICA, consultado por Servindi.<\/div>\n<div>\u00a0<\/div>\n<div>Para que los pueblos ind\u00edgenas controlen y mantengan las reservas del carbono almacenadas, requieren controlar la integralidad del ecosistema, incluyendo suelo, subsuelo, vuelo forestal, aguas, recursos biogen\u00e9ticos.<\/div>\n<div>\u00a0<\/div>\n<div><strong>Los ocho pilares de incidencia<\/strong><\/div>\n<div>La propuesta de la COICA consta de ocho pilares, siendo el primero el cuestionamiento al desarrollo extractivista como impulsor estrat\u00e9gico de la deforestaci\u00f3n y degradaci\u00f3n de los bosques.<\/div>\n<div>\u00a0<\/div>\n<div>La agroindustria, los megaproyectos hidroel\u00e9ctricos, la construcci\u00f3n de carreteras y las actividades hidrocarbur\u00edferas amenazan la biodiversidad amaz\u00f3nica y violan los derechos colectivos de los pueblos ind\u00edgenas.<\/div>\n<div>\u00a0<\/div>\n<div>El segundo pilar propone reorientar la actividad extractivista mediante la consulta ind\u00edgena y la construcci\u00f3n conjunta de pol\u00edticas p\u00fablicas.<\/div>\n<div>\u00a0<\/div>\n<div>El tercer pilar se refiere a la importancia de elaborar y ejecutar planes de vida plena ind\u00edgena como alternativas eficaces de mitigaci\u00f3n, adaptaci\u00f3n y resiliencia social y ecosist\u00e9mica frente a la crisis clim\u00e1tica.<\/div>\n<div>\u00a0<\/div>\n<div>Otro pilar concierne a la aplicaci\u00f3n de mecanismos REDD+(1) como estrategia adaptada a los pueblos ind\u00edgenas, que va m\u00e1s all\u00e1 del carbono y el af\u00e1n mercantilista. La REDD+ es una iniciativa pol\u00edtica internacional que busca reducir las emisiones de Di\u00f3xido de Carbono (CO2).<\/div>\n<div>Los \u00faltimos pilares son el papel clave de la mujer ind\u00edgena en la adaptaci\u00f3n y mitigaci\u00f3n; el Fondo Amazon\u00eda Ind\u00edgena Viva para la titulaci\u00f3n de 100 millones de hect\u00e1reas; y la propuesta de crear un Pabell\u00f3n Amazon\u00eda Ind\u00edgena dentro de la COP.<\/div>\n<div>\u00a0<\/div>\n<div>El representante de la COICA observ\u00f3 un posible panorama cr\u00edtico en la COP20, por lo que invoc\u00f3 a los presentes dar a conocer la verdadera funci\u00f3n y real importancia de este evento.<\/div>\n<div>\u201cEl Estado peruano podr\u00eda pedir una indemnizaci\u00f3n para los pueblos que se han visto afectados, pero esta COP no puede convertirse en una oportunidad para pedir dinero que no llegar\u00e1 a los pueblos ind\u00edgenas\u201d dijo Espinoza.<\/div>\n<div>\u00a0<\/div>\n<div><strong>Di\u00e1logo regional<\/strong><\/div>\n<div>El Di\u00e1logo Regional fue organizado por la asociaci\u00f3n Derecho, Ambiente y Recursos Naturales (DAR), la Asociaci\u00f3n Ambiente y Sociedad (AAS) de Colombia; el Centro de Derechos Econ\u00f3micos y Sociales (CDES) de Ecuador y el Centro de Estudios para el Desarrollo Laboral y Agrario (CEDLA) de Bolivia.<\/div>\n<div>\u00a0<\/div>\n<div>Asimismo, FUNDAR Centro de An\u00e1lisis e Investigaci\u00f3n de M\u00e9xico; la Fundaci\u00f3n para el Desarrollo de Pol\u00edticas Sustentables (FUNDEPS) de Argentina y el Instituto Brasilero de An\u00e1lisis Sociales y Econ\u00f3micas (IBASE) de Brasil.<\/div>\n<div>\u00a0<\/div>\n<div>La jornada tuvo la finalidad de debatir las consecuencias econ\u00f3micas y socio-ambientales de las inversiones en infraestructura en Am\u00e9rica del Sur, as\u00ed como sus impactos en el cambio clim\u00e1tico.<\/div>\n<p>\u00a0<\/p>\n<p><a href=\"http:\/\/web.hilo.org.pe\/wp-content\/uploads\/indigenas.jpg\" target=\"_blank\" rel=\"noopener\">Ver archivo adjunto<\/a><\/p>\n","protected":false},"excerpt":{"rendered":"<p>(Servindi)- Roberto Espinoza, en representaci?n de la Coordinadora de las Organizaciones Ind?genas de la Cuenca Amaz?nica (COICA) expuso la propuesta de esta articulaci?n internacional frente a la Conferencia de las Partes sobre Cambio Clim?tico (COP20) que se desarrollar? en Lima en diciembre de 2014.<\/p>\n","protected":false},"author":1,"featured_media":8004,"comment_status":"closed","ping_status":"closed","sticky":false,"template":"","format":"standard","meta":{"footnotes":""},"categories":[9],"tags":[],"class_list":["post-1808","post","type-post","status-publish","format-standard","has-post-thumbnail","hentry","category-noticias"],"_links":{"self":[{"href":"https:\/\/ceas.org.pe\/index.php\/wp-json\/wp\/v2\/posts\/1808","targetHints":{"allow":["GET"]}}],"collection":[{"href":"https:\/\/ceas.org.pe\/index.php\/wp-json\/wp\/v2\/posts"}],"about":[{"href":"https:\/\/ceas.org.pe\/index.php\/wp-json\/wp\/v2\/types\/post"}],"author":[{"embeddable":true,"href":"https:\/\/ceas.org.pe\/index.php\/wp-json\/wp\/v2\/users\/1"}],"replies":[{"embeddable":true,"href":"https:\/\/ceas.org.pe\/index.php\/wp-json\/wp\/v2\/comments?post=1808"}],"version-history":[{"count":1,"href":"https:\/\/ceas.org.pe\/index.php\/wp-json\/wp\/v2\/posts\/1808\/revisions"}],"predecessor-version":[{"id":7410,"href":"https:\/\/ceas.org.pe\/index.php\/wp-json\/wp\/v2\/posts\/1808\/revisions\/7410"}],"wp:featuredmedia":[{"embeddable":true,"href":"https:\/\/ceas.org.pe\/index.php\/wp-json\/wp\/v2\/media\/8004"}],"wp:attachment":[{"href":"https:\/\/ceas.org.pe\/index.php\/wp-json\/wp\/v2\/media?parent=1808"}],"wp:term":[{"taxonomy":"category","embeddable":true,"href":"https:\/\/ceas.org.pe\/index.php\/wp-json\/wp\/v2\/categories?post=1808"},{"taxonomy":"post_tag","embeddable":true,"href":"https:\/\/ceas.org.pe\/index.php\/wp-json\/wp\/v2\/tags?post=1808"}],"curies":[{"name":"wp","href":"https:\/\/api.w.org\/{rel}","templated":true}]}}