{"id":1801,"date":"2014-05-02T09:05:11","date_gmt":"2014-05-02T09:05:11","guid":{"rendered":""},"modified":"2026-03-11T09:12:23","modified_gmt":"2026-03-11T14:12:23","slug":"el-papa-francisco-recuerda-a-los-desempleados-en-la-fiesta-del-trabajo","status":"publish","type":"post","link":"https:\/\/ceas.org.pe\/index.php\/2014\/05\/02\/el-papa-francisco-recuerda-a-los-desempleados-en-la-fiesta-del-trabajo\/","title":{"rendered":"El Papa Francisco recuerda a los desempleados en la fiesta del trabajo"},"content":{"rendered":"<div>Queridos amigos, hoy, fiesta del trabajo, queremos dedicar un recuerdo especial a los hermanos que est\u00e1n desempleados, y una oraci\u00f3n para que encuentren trabajo cuanto antes. Por eso, les ofrecemos algunos fragmentos de la catequesis del Papa Francisco del 1 de mayo de 2013:<\/div>\n<div>\u00a0<\/div>\n<div>\u201cEl trabajo forma parte del plan de amor de Dios; nosotros estamos llamados a cultivar y custodiar todos los bienes de la creaci\u00f3n, y de este modo participamos en la obra de la creaci\u00f3n. El trabajo es un elemento fundamental para la dignidad de una persona.<\/div>\n<div>El trabajo, por usar una imagen, nos \u00abunge\u00bb de dignidad, nos colma de dignidad; nos hace semejantes a Dios, que trabaj\u00f3 y trabaja, act\u00faa siempre (cf. Jn 5, 17). El trabajo da la capacidad de mantenerse a s\u00ed mismo, a la propia familia, y contribuir al crecimiento de la propia naci\u00f3n.<\/div>\n<div>\u00a0<\/div>\n<div>Aqu\u00ed pienso en las dificultades que, en varios pa\u00edses, encuentra el mundo del trabajo y de la empresa; pienso en cuantos est\u00e1n desempleados, muchas veces por causa de una concepci\u00f3n economicista de la sociedad, que busca el beneficio ego\u00edsta, al margen de los par\u00e1metros de la justicia social.<\/div>\n<div>\u00a0<\/div>\n<div>Deseo dirigir a todos una invitaci\u00f3n a la solidaridad; y animo a los responsables de la cuesti\u00f3n p\u00fablica a esforzarse por dar nuevo empuje a la ocupaci\u00f3n; esto significa preocuparse por la dignidad de la persona.<\/div>\n<div>\u00a0<\/div>\n<div>Pero sobre todo quiero decir que no se pierda la esperanza. Tambi\u00e9n san Jos\u00e9 tuvo momentos dif\u00edciles, pero nunca perdi\u00f3 la confianza y supo superarlos, en la certeza de que Dios no nos abandona.<\/div>\n<div>\u00a0<\/div>\n<div>Agrego una palabra sobre otra particular situaci\u00f3n de trabajo que me preocupa: me refiero a lo que podr\u00edamos definir como el \u00abtrabajo esclavo\u00bb, el trabajo que esclaviza. Cu\u00e1ntas personas, en todo el mundo, son v\u00edctimas de este tipo de esclavitud, en la que es la persona quien sirve al trabajo, mientras que debe ser el trabajo quien ofrezca un servicio a las personas para que tengan dignidad.<\/div>\n<div>\u00a0<\/div>\n<div>Pido a los hermanos y hermanas en la fe y a todos los hombres y mujeres de buena voluntad una decidida opci\u00f3n contra la trata de personas, en el seno de la cual se cuenta el \u00abtrabajo esclavo\u00bb.<\/div>\n<div>\u00a0<\/div>\n<div>Queridos hermanos y hermanas, pidamos a san Jos\u00e9 y a la Virgen Mar\u00eda que nos ense\u00f1en a ser fieles a nuestros compromisos cotidianos, a vivir nuestra fe en las acciones de cada d\u00eda y a dejar m\u00e1s espacio al Se\u00f1or en nuestra vida, a detenernos para contemplar su rostro. Gracias\u201d.<\/div>\n<div>\u00a0<\/div>\n<div>NOVENA A SAN JOS\u00c9 OBRERO PARA PEDIR UN EMPLEO<\/div>\n<div>\u00a1Oh bendito Patriarca san Jos\u00e9!,<\/div>\n<div>insigne protector de todo aquel que lo solicita,<\/div>\n<div>modelo de hombre justo y paciente,<\/div>\n<div>ejemplo de virtud y santidad;<\/div>\n<div>var\u00f3n dotado de un alma tan pura<\/div>\n<div>y un enorme coraz\u00f3n bondadoso<\/div>\n<div>que con fe aceptaste los designios de Dios,<\/div>\n<div>y por amor fuiste el fiel esposo<\/div>\n<div>de la madre del Se\u00f1or.<\/div>\n<div>\u00a0<\/div>\n<div>Glorioso san Jos\u00e9 obrero,<\/div>\n<div>que con el sudor de tu frente<\/div>\n<div>y tus fuertes manos trabajadoras,<\/div>\n<div>proporcionaste sustento a tu Familia,<\/div>\n<div>en esta ocasi\u00f3n acudo con plena confianza a ti<\/div>\n<div>para que a trav\u00e9s de tu Santa Esposa,<\/div>\n<div>la Inmaculada Virgen Mar\u00eda,<\/div>\n<div>y por el amor dulce y paternal que demostraste<\/div>\n<div>a nuestro Se\u00f1or Jesucristo,<\/div>\n<div>me asistas en esta gran necesidad<\/div>\n<div>que hoy me desespera y agobia:<\/div>\n<div>acudo a ti para que me ayudes a conseguir<\/div>\n<div>un trabajo digno y bien remunerado,<\/div>\n<div>que me permita cubrir las necesidades de mi hogar,<\/div>\n<div>un trabajo que me fortalezca como ser humano,<\/div>\n<div>me sirva de relaci\u00f3n con Dios nuestro Creador<\/div>\n<div>y que sea un medio propicio para mi santificaci\u00f3n.<\/div>\n<div>\u00a0<\/div>\n<div>San Jos\u00e9 obrero, santo m\u00edo<\/div>\n<div>por tu poderosa mediaci\u00f3n<\/div>\n<div>alc\u00e1nzame de mi Dios y Se\u00f1or<\/div>\n<div>lo que tan urgente necesito,<\/div>\n<div>y ens\u00e9\u00f1ame a amarle y servirle<\/div>\n<div>como t\u00fa siempre lo hiciste.<\/div>\n<div>\u00a0<\/div>\n<div>Bienaventurado san Jos\u00e9<\/div>\n<div>conc\u00e9deme tambi\u00e9n tu perpetua protecci\u00f3n,<\/div>\n<div>a fin de que, animado por tu ejemplo y asistencia,<\/div>\n<div>pueda vivir santamente y piadosamente morir,<\/div>\n<div>y alcanzar la eterna beatitud de la Patria Celestial.<\/div>\n<div>\u00a0<\/div>\n<div>As\u00ed sea.<\/div>\n<div>Rezar tres Padrenuestros, tres Avemar\u00edas y tres Glorias.<\/div>\n<p>\u00a0<\/p>\n<p><a href=\"http:\/\/web.hilo.org.pe\/wp-content\/uploads\/fiestatrabajo.jpg\" target=\"_blank\" rel=\"noopener\">Ver archivo adjunto<\/a><\/p>\n","protected":false},"excerpt":{"rendered":"<p>Queridos amigos, hoy, fiesta del trabajo, queremos dedicar un recuerdo especial a los hermanos que est?n desempleados, y una oraci?n para que encuentren trabajo cuanto antes. Por eso, les ofrecemos algunos fragmentos de la catequesis del Papa Francisco del 1 de mayo de 2013:<\/p>\n","protected":false},"author":1,"featured_media":7855,"comment_status":"closed","ping_status":"closed","sticky":false,"template":"","format":"standard","meta":{"footnotes":""},"categories":[9],"tags":[],"class_list":["post-1801","post","type-post","status-publish","format-standard","has-post-thumbnail","hentry","category-noticias"],"_links":{"self":[{"href":"https:\/\/ceas.org.pe\/index.php\/wp-json\/wp\/v2\/posts\/1801","targetHints":{"allow":["GET"]}}],"collection":[{"href":"https:\/\/ceas.org.pe\/index.php\/wp-json\/wp\/v2\/posts"}],"about":[{"href":"https:\/\/ceas.org.pe\/index.php\/wp-json\/wp\/v2\/types\/post"}],"author":[{"embeddable":true,"href":"https:\/\/ceas.org.pe\/index.php\/wp-json\/wp\/v2\/users\/1"}],"replies":[{"embeddable":true,"href":"https:\/\/ceas.org.pe\/index.php\/wp-json\/wp\/v2\/comments?post=1801"}],"version-history":[{"count":1,"href":"https:\/\/ceas.org.pe\/index.php\/wp-json\/wp\/v2\/posts\/1801\/revisions"}],"predecessor-version":[{"id":7417,"href":"https:\/\/ceas.org.pe\/index.php\/wp-json\/wp\/v2\/posts\/1801\/revisions\/7417"}],"wp:featuredmedia":[{"embeddable":true,"href":"https:\/\/ceas.org.pe\/index.php\/wp-json\/wp\/v2\/media\/7855"}],"wp:attachment":[{"href":"https:\/\/ceas.org.pe\/index.php\/wp-json\/wp\/v2\/media?parent=1801"}],"wp:term":[{"taxonomy":"category","embeddable":true,"href":"https:\/\/ceas.org.pe\/index.php\/wp-json\/wp\/v2\/categories?post=1801"},{"taxonomy":"post_tag","embeddable":true,"href":"https:\/\/ceas.org.pe\/index.php\/wp-json\/wp\/v2\/tags?post=1801"}],"curies":[{"name":"wp","href":"https:\/\/api.w.org\/{rel}","templated":true}]}}