{"id":1799,"date":"2014-04-30T09:15:45","date_gmt":"2014-04-30T09:15:45","guid":{"rendered":""},"modified":"2026-03-11T09:12:23","modified_gmt":"2026-03-11T14:12:23","slug":"ministerio-de-cultura-presento-en-piura-la-plataforma-alerta-contra-el-racismo","status":"publish","type":"post","link":"https:\/\/ceas.org.pe\/index.php\/2014\/04\/30\/ministerio-de-cultura-presento-en-piura-la-plataforma-alerta-contra-el-racismo\/","title":{"rendered":"Ministerio de Cultura present\u00f3 en Piura la plataforma Alerta Contra el Racismo"},"content":{"rendered":"<p>\u00a0En conferencia de prensa se present\u00f3 la plataforma Alerta Contra el Racismo, espacio de informaci\u00f3n e interacci\u00f3n con la ciudadan\u00eda que busca ser una de las herramientas de articulaci\u00f3n entre el Estado y la sociedad para enfrentar la discriminaci\u00f3n \u00e9tnico-racial en el Per\u00fa.<\/p>\n<p>En la mesa de conferencistas estuvieron las directoras Roc\u00edo Mu\u00f1oz y Gabriela Perona, de la Direcci\u00f3n General de Ciudadan\u00eda Intercultural, y de la Direcci\u00f3n de Diversidad Cultural y Eliminaci\u00f3n de la Discriminaci\u00f3n Racial, respectivamente; Rafael Sime, director de la Direcci\u00f3n Desconcentrada de Cultura de Piura; Abelardo Alzamora, presidente de la Casa de la Cultura Afroyapaterana, y Fernando Barrenzuela, cumamanero yapaterano.<\/p>\n<div>\u00a0<\/div>\n<div>Alerta Contra el Racismo ofrece diversas herramientas para que los ciudadanos y ciudadanas puedan tomar acciones frente a casos de discriminaci\u00f3n \u00e9tnico-racial. Destaca el servicio de reporte de casos, en el que se podr\u00e1n reportar situaciones de discriminaci\u00f3n \u00e9tnico-racial de las que se sea v\u00edctima o testigo. La directora Roc\u00edo Mu\u00f1oz destac\u00f3 la importancia de reconocer y valorar los rostros de la diversidad cultural. Asimismo, subray\u00f3 la importancia de colocar en debate el racismo y la discriminaci\u00f3n racial como un problema que afecta a todos los peruanos y peruanas.<\/div>\n<div>\u00a0<\/div>\n<div>A su turno, Abelardo Alzamora se\u00f1al\u00f3 las consecuencias del racismo: \u201cLa discriminaci\u00f3n y el racismo no provocan solo una afectaci\u00f3n individual contra la v\u00edctima, sino que su alcance llega al conjunto de la sociedad en la medida que la fragmenta\u201d.<\/div>\n<div>\u00a0<\/div>\n<div>La plataforma Alerta Contra el Racismo tambi\u00e9n cuenta con informaci\u00f3n sobre normatividad, investigaciones, noticias, sentencias, material de campa\u00f1a y art\u00edculos de opini\u00f3n.<\/div>\n<div>\u00a0<\/div>\n<div>Puede encontrar la plataforma en la direcci\u00f3n web: www.alertacontraelracismo.pe.<\/div>\n<div>\u00a0<\/div>\n<div>Fuente: alertacontraelracismo.pe<\/div>\n<div>\u00a0<\/div>\n<div>\u00a0<\/div>\n<p><a href=\"http:\/\/web.hilo.org.pe\/wp-content\/uploads\/alerta conracismo.jpg\" target=\"_blank\" rel=\"noopener\">Ver archivo adjunto<\/a><\/p>\n","protected":false},"excerpt":{"rendered":"<p>En conferencia de prensa se present? la plataforma Alerta Contra el Racismo, espacio de informaci?n e interacci?n con la ciudadan?a que busca ser una de las herramientas de articulaci?n entre el Estado y la sociedad para enfrentar la discriminaci?n ?tnico-racial en el Per?.<\/p>\n","protected":false},"author":1,"featured_media":0,"comment_status":"closed","ping_status":"closed","sticky":false,"template":"","format":"standard","meta":{"footnotes":""},"categories":[9],"tags":[],"class_list":["post-1799","post","type-post","status-publish","format-standard","hentry","category-noticias"],"_links":{"self":[{"href":"https:\/\/ceas.org.pe\/index.php\/wp-json\/wp\/v2\/posts\/1799","targetHints":{"allow":["GET"]}}],"collection":[{"href":"https:\/\/ceas.org.pe\/index.php\/wp-json\/wp\/v2\/posts"}],"about":[{"href":"https:\/\/ceas.org.pe\/index.php\/wp-json\/wp\/v2\/types\/post"}],"author":[{"embeddable":true,"href":"https:\/\/ceas.org.pe\/index.php\/wp-json\/wp\/v2\/users\/1"}],"replies":[{"embeddable":true,"href":"https:\/\/ceas.org.pe\/index.php\/wp-json\/wp\/v2\/comments?post=1799"}],"version-history":[{"count":1,"href":"https:\/\/ceas.org.pe\/index.php\/wp-json\/wp\/v2\/posts\/1799\/revisions"}],"predecessor-version":[{"id":7420,"href":"https:\/\/ceas.org.pe\/index.php\/wp-json\/wp\/v2\/posts\/1799\/revisions\/7420"}],"wp:attachment":[{"href":"https:\/\/ceas.org.pe\/index.php\/wp-json\/wp\/v2\/media?parent=1799"}],"wp:term":[{"taxonomy":"category","embeddable":true,"href":"https:\/\/ceas.org.pe\/index.php\/wp-json\/wp\/v2\/categories?post=1799"},{"taxonomy":"post_tag","embeddable":true,"href":"https:\/\/ceas.org.pe\/index.php\/wp-json\/wp\/v2\/tags?post=1799"}],"curies":[{"name":"wp","href":"https:\/\/api.w.org\/{rel}","templated":true}]}}