{"id":1798,"date":"2014-04-30T16:43:40","date_gmt":"2014-04-30T16:43:40","guid":{"rendered":""},"modified":"2026-03-11T09:12:23","modified_gmt":"2026-03-11T14:12:23","slug":"pero-ministerio-del-ambiente-es-parte-de-la-alianza-global-de-negocios-y-bioversidad","status":"publish","type":"post","link":"https:\/\/ceas.org.pe\/index.php\/2014\/04\/30\/pero-ministerio-del-ambiente-es-parte-de-la-alianza-global-de-negocios-y-bioversidad\/","title":{"rendered":"Per\u00f3: Ministerio del Ambiente es parte de la Alianza Global de Negocios y Bioversidad"},"content":{"rendered":"<p>Tras asumir un firme compromiso con el fomento de las inversiones sostenibles con la creaci\u00f3n de la Iniciativa Peruana Biodiversidad y Empresas (ByE), el Ministerio del Ambiente (MINAM) ahora forma parte de la Alianza Global de Negocios y Bioversidad (Global Partnershipfor Business and Biodiversity en ingl\u00e9s) una de las ramas del Convention on Biological Diversity (CDB), el cual pretende ser el punto focal de los proyectos nacionales y\/o regionales que interact\u00faan directamente con las empresas en sus respectivos pa\u00edses y\/o regiones.<\/p>\n<div>\u00a0<\/div>\n<div>Luego de que el MINAM hiciera p\u00fablica dicha iniciativa durante el Foro Internacional: Iniciativa Peruana Biodiversidad y Empresas \u2013realizado en enero\u2013 y a pedido de la Alianza Global de Negocios y Biodiversidad, el Per\u00fa ingresa a ella para facilitar la perspectiva y la internalizaci\u00f3n de la importancia de la biodiversidad en el sector privado. Asimismo, ello provee un espacio para entablar el di\u00e1logo con aquellos que toman las decisiones nacionales y\/o regionales sobre negocios y biodiversidad.<\/div>\n<div>\u00a0<\/div>\n<div>De esta manera, pertenecer a la Alianza Global a\u00f1adir\u00eda valor a las iniciativas peruanas, d\u00e1ndoles un espacio para el intercambio de ideas, creaci\u00f3n de conciencia, apertura al di\u00e1logo y otros beneficios del Programa de Negocios y Biodiversidad del CDB. Esta distinci\u00f3n nos impulsa a\u00fan m\u00e1s a trabajar por la consolidaci\u00f3n de la Iniciativa ByE y por fortalecer a la Alianza en la realizaci\u00f3n de las actividades que propongan para el Per\u00fa.<\/div>\n<div>\u00a0<\/div>\n<div>Para el MINAM es importante destacar los proyectos de conservaci\u00f3n por las que vienen apostando las empresas l\u00edderes en el pa\u00eds, as\u00ed como promover los espacios de di\u00e1logo entre el sector p\u00fablico y empresarial. Ello contribuye no solo al crecimiento econ\u00f3mico sino a una competitividad con miras al uso eficiente de los ecosistemas peruanos.<\/div>\n<div>\u00a0<\/div>\n<div>Fuente: minam.gob.pe<\/div>\n<p><a href=\"http:\/\/web.hilo.org.pe\/wp-content\/uploads\/biodiversidad.jpg\" target=\"_blank\" rel=\"noopener\">Ver archivo adjunto<\/a><\/p>\n","protected":false},"excerpt":{"rendered":"<p>Tras asumir un firme compromiso con el fomento de las inversiones sostenibles con la creaci?n de la Iniciativa Peruana Biodiversidad y Empresas (ByE), el Ministerio del Ambiente (MINAM) ahora forma parte de la Alianza Global de Negocios y Bioversidad (Global Partnershipfor Business and Biodiversity en ingl?s) una de las ramas del Convention on Biological Diversity (CDB), el cual pretende ser el punto focal de los proyectos nacionales y\/o regionales que interact?an directamente con las empresas en sus respectivos pa?ses y\/o regiones.<\/p>\n","protected":false},"author":1,"featured_media":8003,"comment_status":"closed","ping_status":"closed","sticky":false,"template":"","format":"standard","meta":{"footnotes":""},"categories":[9],"tags":[],"class_list":["post-1798","post","type-post","status-publish","format-standard","has-post-thumbnail","hentry","category-noticias"],"_links":{"self":[{"href":"https:\/\/ceas.org.pe\/index.php\/wp-json\/wp\/v2\/posts\/1798","targetHints":{"allow":["GET"]}}],"collection":[{"href":"https:\/\/ceas.org.pe\/index.php\/wp-json\/wp\/v2\/posts"}],"about":[{"href":"https:\/\/ceas.org.pe\/index.php\/wp-json\/wp\/v2\/types\/post"}],"author":[{"embeddable":true,"href":"https:\/\/ceas.org.pe\/index.php\/wp-json\/wp\/v2\/users\/1"}],"replies":[{"embeddable":true,"href":"https:\/\/ceas.org.pe\/index.php\/wp-json\/wp\/v2\/comments?post=1798"}],"version-history":[{"count":1,"href":"https:\/\/ceas.org.pe\/index.php\/wp-json\/wp\/v2\/posts\/1798\/revisions"}],"predecessor-version":[{"id":7419,"href":"https:\/\/ceas.org.pe\/index.php\/wp-json\/wp\/v2\/posts\/1798\/revisions\/7419"}],"wp:featuredmedia":[{"embeddable":true,"href":"https:\/\/ceas.org.pe\/index.php\/wp-json\/wp\/v2\/media\/8003"}],"wp:attachment":[{"href":"https:\/\/ceas.org.pe\/index.php\/wp-json\/wp\/v2\/media?parent=1798"}],"wp:term":[{"taxonomy":"category","embeddable":true,"href":"https:\/\/ceas.org.pe\/index.php\/wp-json\/wp\/v2\/categories?post=1798"},{"taxonomy":"post_tag","embeddable":true,"href":"https:\/\/ceas.org.pe\/index.php\/wp-json\/wp\/v2\/tags?post=1798"}],"curies":[{"name":"wp","href":"https:\/\/api.w.org\/{rel}","templated":true}]}}