{"id":1795,"date":"2014-04-30T08:04:02","date_gmt":"2014-04-30T08:04:02","guid":{"rendered":""},"modified":"2026-03-11T09:12:23","modified_gmt":"2026-03-11T14:12:23","slug":"encuentro-latinoamericano-y-caribeoo-sobre-ministerios-laicales","status":"publish","type":"post","link":"https:\/\/ceas.org.pe\/index.php\/2014\/04\/30\/encuentro-latinoamericano-y-caribeoo-sobre-ministerios-laicales\/","title":{"rendered":"Encuentro latinoamericano y caribe\u00f3o sobre ministerios laicales"},"content":{"rendered":"<p>\u00a0Con la participaci\u00f3n de un grupo representativo de directores de departamentos de ministerios laicales de las conferencias episcopales de Am\u00e9rica Latina y el Caribe, se llev\u00f3 a cabo en la ciudad de Bogot\u00e1, del 25 al 28 de marzo, el encuentro latinoamericano y caribe\u00f1o sobre ministerios laicales, coordinado por el Departamento de Vocaciones y Ministerios (DEVYM) del CELAM.<\/p>\n<div>\u00a0<\/div>\n<div>\u00a0<\/div>\n<div>El encuentro, que cont\u00f3 con la participaci\u00f3n de monse\u00f1or Marco Antonio Cort\u00e9s, de Per\u00fa, de monse\u00f1or Carlos Jos\u00e9 Avil\u00e9s, de Nicaragua, y de monse\u00f1or Lorenzo Mart\u00ednez, de Rep\u00fablica Dominicana, se centr\u00f3 en el conocimiento de la realidad de los ministerios laicales a nivel del continente y cont\u00f3 con la presencia de varios ponentes que ofrecieron algunas luces a partir de la Sagrada Escritura y del Magisterio de la Iglesia reciente.\u00a0<\/div>\n<div>\u00a0<\/div>\n<div>La din\u00e1mica prevista posibilit\u00f3 que los participantes compartieran sus an\u00e1lisis sobre los cambios socio-culturales y su incidencia en la vocaci\u00f3n y en la labor evangelizadora de los laicos, al tiempo que socializaran las luces y sombras de la identidad, espiritualidad y misi\u00f3n del laico en su pa\u00eds. Tambi\u00e9n se abordaron otras cuestiones cruciales, seg\u00fan inform\u00f3 el padre Gabriel Villa, secretario ejecutivo del DEVYM-CELAM: \u201c\u00bfqu\u00e9 ministerialidad abarca o a cu\u00e1les se les da especial importancia en cada pa\u00eds?, \u00bfcu\u00e1les son las experiencias m\u00e1s significativas que se est\u00e1n realizando en las iglesias particulares?, \u00bfc\u00f3mo se han integrado los laicos a la misi\u00f3n permanente de la Iglesia? y \u00bfqu\u00e9 tareas espec\u00edficas se realizan en cada conferencia episcopal para la promoci\u00f3n y formaci\u00f3n de los laicos?\u201d.<\/div>\n<div>\u00a0<\/div>\n<div>En las ponencias que se desarrollaron participaron los sacerdotes Guillermo Acero (ministerialidad en la Sagrada Escritura), Gabriel Villa (la ministerialidad en el Magisterio de la Iglesia desde el Vaticano II), Leonidas Ortiz (Los desaf\u00edos de la Nueva Evangelizaci\u00f3n para los laicos desde Aparecida y el papa Francisco), y Diego Arroyave (el proyecto de itinerarios formativos para los ministerios del lectorado y acolitado).<\/div>\n<div>\u00a0<\/div>\n<div>A partir de las conclusiones que emergieron de los trabajos en grupo, durante el \u00faltimo d\u00eda del encuentro, se present\u00f3 un elenco de propuestas que ser\u00e1n analizadas por la comisi\u00f3n episcopal para los ministerios, en cada pa\u00eds.<\/div>\n<div>\u00a0<\/div>\n<div>\u00a0<\/div>\n<div>Fuente: DEVYM-CELAM<\/div>\n<div>\u00a0<\/div>\n<p><a href=\"http:\/\/web.hilo.org.pe\/wp-content\/uploads\/encuentro 2.jpg\" target=\"_blank\" rel=\"noopener\">Ver archivo adjunto<\/a><\/p>\n","protected":false},"excerpt":{"rendered":"<p>Con la participaci?n de un grupo representativo de directores de departamentos de ministerios laicales de las conferencias episcopales de Am?rica Latina y el Caribe, se llev? a cabo en la ciudad de Bogot?, del 25 al 28 de marzo, el encuentro latinoamericano y caribe?o sobre ministerios laicales, coordinado por el Departamento de Vocaciones y Ministerios (DEVYM) del CELAM.<\/p>\n","protected":false},"author":1,"featured_media":7862,"comment_status":"closed","ping_status":"closed","sticky":false,"template":"","format":"standard","meta":{"footnotes":""},"categories":[9],"tags":[],"class_list":["post-1795","post","type-post","status-publish","format-standard","has-post-thumbnail","hentry","category-noticias"],"_links":{"self":[{"href":"https:\/\/ceas.org.pe\/index.php\/wp-json\/wp\/v2\/posts\/1795","targetHints":{"allow":["GET"]}}],"collection":[{"href":"https:\/\/ceas.org.pe\/index.php\/wp-json\/wp\/v2\/posts"}],"about":[{"href":"https:\/\/ceas.org.pe\/index.php\/wp-json\/wp\/v2\/types\/post"}],"author":[{"embeddable":true,"href":"https:\/\/ceas.org.pe\/index.php\/wp-json\/wp\/v2\/users\/1"}],"replies":[{"embeddable":true,"href":"https:\/\/ceas.org.pe\/index.php\/wp-json\/wp\/v2\/comments?post=1795"}],"version-history":[{"count":1,"href":"https:\/\/ceas.org.pe\/index.php\/wp-json\/wp\/v2\/posts\/1795\/revisions"}],"predecessor-version":[{"id":7422,"href":"https:\/\/ceas.org.pe\/index.php\/wp-json\/wp\/v2\/posts\/1795\/revisions\/7422"}],"wp:featuredmedia":[{"embeddable":true,"href":"https:\/\/ceas.org.pe\/index.php\/wp-json\/wp\/v2\/media\/7862"}],"wp:attachment":[{"href":"https:\/\/ceas.org.pe\/index.php\/wp-json\/wp\/v2\/media?parent=1795"}],"wp:term":[{"taxonomy":"category","embeddable":true,"href":"https:\/\/ceas.org.pe\/index.php\/wp-json\/wp\/v2\/categories?post=1795"},{"taxonomy":"post_tag","embeddable":true,"href":"https:\/\/ceas.org.pe\/index.php\/wp-json\/wp\/v2\/tags?post=1795"}],"curies":[{"name":"wp","href":"https:\/\/api.w.org\/{rel}","templated":true}]}}