{"id":1793,"date":"2014-04-28T10:45:35","date_gmt":"2014-04-28T10:45:35","guid":{"rendered":""},"modified":"2026-03-11T09:12:23","modified_gmt":"2026-03-11T14:12:23","slug":"dos-santos","status":"publish","type":"post","link":"https:\/\/ceas.org.pe\/index.php\/2014\/04\/28\/dos-santos\/","title":{"rendered":"Dos Santos"},"content":{"rendered":"<p>\u00a0Nunca en la historia de la Iglesia de Roma uno de sus obispos ha proclamado santos a dos predecesores tan cercanos en el tiempo como sucede ahora con la canonizaci\u00f3n de Angelo Giuseppe Roncalli y Karol Wojty\u0142a. Sin ninguna duda Juan XXIII y Juan Pablo II fueron protagonistas, en la segunda mitad del siglo XX, de dos pontificados \u2014el primero breve, el segundo largu\u00edsimo, hasta el inicio del nuevo siglo\u2014 de los cuales se percibe la importancia ya ahora, incluso antes de que se admita una fundada valoraci\u00f3n en perspectiva hist\u00f3rica de este tiempo.<\/p>\n<div>\u00a0<\/div>\n<div>Y, con todo, el sentimiento de los fieles \u2014pero tambi\u00e9n la percepci\u00f3n desde fuera, en mundos incluso lejanos\u2014 precedi\u00f3 el reconocimiento de la Iglesia, al advertir inmediatamente el car\u00e1cter extraordinario de estas dos figuras de cristianos, muy distintos entre s\u00ed. Uno, radicado en el catolicismo campesino lombardo de finales del siglo XIX, proyectado por la formaci\u00f3n romana a tierras de frontera, un Papa tradicional y revolucionario; el otro, fruto maduro y nuevo de una fe antigua y templada por los totalitarismos del siglo XX, primer obispo de Roma no italiano despu\u00e9s de casi medio milenio.<\/div>\n<div>\u00a0<\/div>\n<div>La santidad personal de Roncalli y de Wojty\u0142a \u2014ratificada por procedimientos can\u00f3nicos iniciados por Pablo VI y Benedicto XVI, pero completados por la decisi\u00f3n de su sucesor Francisco\u2014 tiene incluso un significado especial. Es, en efecto, la luz del Vaticano II, medio siglo despu\u00e9s de su conclusi\u00f3n, lo que ilumina y une a las dos canonizaciones. Y emblem\u00e1ticamente las \u00fanicas im\u00e1genes fotogr\u00e1ficas que presentan juntos al Papa Juan XXIII y al joven auxiliar de Cracovia son las de una audiencia al episcopado polaco precisamente en v\u00edsperas del Concilio.<\/div>\n<div>\u00a0<\/div>\n<div>Su santidad se inscribe, por lo tanto, en el contexto del Vaticano II: Roncalli lo intuy\u00f3 y con sereno valor lo abri\u00f3, Wojty\u0142a lo vivi\u00f3 apasionadamente como obispo. El gesto de su sucesor Francisco \u2014primer obispo de Roma que con convicci\u00f3n lo acogi\u00f3 sin haber participado en \u00e9l\u2014 indica entonces no s\u00f3lo la ejemplaridad de dos cristianos que llegaron a ser Papas, sino tambi\u00e9n el camino com\u00fan, por ellos marcado, de la renovaci\u00f3n y de la simpat\u00eda por las mujeres y los hombres de nuestro tiempo.<\/div>\n<div>\u00a0<\/div>\n<div>Fuente: news.va<\/div>\n<div>\u00a0<\/div>\n<p><a href=\"http:\/\/web.hilo.org.pe\/wp-content\/uploads\/santos.jpg\" target=\"_blank\" rel=\"noopener\">Ver archivo adjunto<\/a><\/p>\n","protected":false},"excerpt":{"rendered":"<p>Nunca en la historia de la Iglesia de Roma uno de sus obispos ha proclamado santos a dos predecesores tan cercanos en el tiempo como sucede ahora con la canonizaci?n de Angelo Giuseppe Roncalli y Karol Wojty&#322;a. Sin ninguna duda Juan XXIII y Juan Pablo II fueron protagonistas, en la segunda mitad del siglo XX, de dos pontificados ?el primero breve, el segundo largu?simo, hasta el inicio del nuevo siglo? de los cuales se percibe la importancia ya ahora, incluso antes de que se admita una fundada valoraci?n en perspectiva hist?rica de este tiempo.<\/p>\n","protected":false},"author":1,"featured_media":8002,"comment_status":"closed","ping_status":"closed","sticky":false,"template":"","format":"standard","meta":{"footnotes":""},"categories":[9],"tags":[],"class_list":["post-1793","post","type-post","status-publish","format-standard","has-post-thumbnail","hentry","category-noticias"],"_links":{"self":[{"href":"https:\/\/ceas.org.pe\/index.php\/wp-json\/wp\/v2\/posts\/1793","targetHints":{"allow":["GET"]}}],"collection":[{"href":"https:\/\/ceas.org.pe\/index.php\/wp-json\/wp\/v2\/posts"}],"about":[{"href":"https:\/\/ceas.org.pe\/index.php\/wp-json\/wp\/v2\/types\/post"}],"author":[{"embeddable":true,"href":"https:\/\/ceas.org.pe\/index.php\/wp-json\/wp\/v2\/users\/1"}],"replies":[{"embeddable":true,"href":"https:\/\/ceas.org.pe\/index.php\/wp-json\/wp\/v2\/comments?post=1793"}],"version-history":[{"count":1,"href":"https:\/\/ceas.org.pe\/index.php\/wp-json\/wp\/v2\/posts\/1793\/revisions"}],"predecessor-version":[{"id":7425,"href":"https:\/\/ceas.org.pe\/index.php\/wp-json\/wp\/v2\/posts\/1793\/revisions\/7425"}],"wp:featuredmedia":[{"embeddable":true,"href":"https:\/\/ceas.org.pe\/index.php\/wp-json\/wp\/v2\/media\/8002"}],"wp:attachment":[{"href":"https:\/\/ceas.org.pe\/index.php\/wp-json\/wp\/v2\/media?parent=1793"}],"wp:term":[{"taxonomy":"category","embeddable":true,"href":"https:\/\/ceas.org.pe\/index.php\/wp-json\/wp\/v2\/categories?post=1793"},{"taxonomy":"post_tag","embeddable":true,"href":"https:\/\/ceas.org.pe\/index.php\/wp-json\/wp\/v2\/tags?post=1793"}],"curies":[{"name":"wp","href":"https:\/\/api.w.org\/{rel}","templated":true}]}}