{"id":1792,"date":"2014-04-25T12:20:32","date_gmt":"2014-04-25T12:20:32","guid":{"rendered":""},"modified":"2026-03-11T09:12:23","modified_gmt":"2026-03-11T14:12:23","slug":"comunicado-de-los-obispos-del-pero-sobre-protocolo-de-aborto-terapoutico","status":"publish","type":"post","link":"https:\/\/ceas.org.pe\/index.php\/2014\/04\/25\/comunicado-de-los-obispos-del-pero-sobre-protocolo-de-aborto-terapoutico\/","title":{"rendered":"Comunicado de los Obispos del Per\u00f3 sobre Protocolo de Aborto Terap\u00f3utico"},"content":{"rendered":"<p><strong>LOS PROTOCOLOS DE ABORTO MATAN, NO SALVAN VIDAS &#8211; COMUNICADO DE LOS OBISPOS DEL PER\u00da<\/strong><\/p>\n<div>24 de abril de 2014 a la(s) 10:17<\/div>\n<div>\u00a0<\/div>\n<div>Los Obispos del Per\u00fa, ante la posibilidad de que se apruebe el Protocolo de Aborto Terap\u00e9utico (PAT), consideramos un deber expresar nuestra defensa por aquel que tiene derecho a nacer.<\/div>\n<div>\u00a0<\/div>\n<div>\u00a0 \u00a0 El PAT no es necesario. Dos informes, uno del Hospital Cayetano Heredia y otro del Instituto Nacional Materno Perinatal as\u00ed lo demuestran. Estos dos hospitales son centros de referencia para atender casos complicados de embarazos y partos. El informe del Hospital Cayetano del 12 de mayo del 2012 refiere que tiene un PAT desde el 2010 \u201cpero hasta la fecha no se ha realizado ninguna terminaci\u00f3n del embarazo amparado en este protocolo\u201d. Es decir, ning\u00fan caso en aproximadamente dos a\u00f1os. El segundo informe data del 27 de junio del 2012 y se\u00f1ala que se atendi\u00f3 a 38.962 embarazadas y solo tuvieron 23 (0.05%) terminaciones de embarazo, pero ninguna por las razones consignadas en el PAT. Todas fueron por \u201cdiagn\u00f3stico ecogr\u00e1fico de malformaciones cong\u00e9nitas incompatibles con la vida\u201d, es decir, abortos eugen\u00e9sicos. Los casos citados demuestran lo innecesario de aprobar el PAT.<\/div>\n<div>\u00a0<\/div>\n<div>\u00a0 \u00a0 Con el avance de la medicina actualmente no existe ninguna patolog\u00eda de las contenidas en el PAT que no pueda atenderse con un \u00a0tratamiento que permita un resultado satisfactorio para las dos vidas, la de la madre y la del ni\u00f1o. Preocupa m\u00e1s bien la absoluta indiferencia que evidencia el PAT respecto del derecho a la vida del ni\u00f1o por nacer, derecho que est\u00e1 reconocido, no solo en Convenios Internacionales de los cuales el Per\u00fa forma parte, sino tambi\u00e9n en nuestra Constituci\u00f3n Pol\u00edtica y en pronunciamientos vinculantes del Tribunal Constitucional.<\/div>\n<div>\u00a0<\/div>\n<div>\u00a0 \u00a0 El PAT no tiene base jur\u00eddica para ser emitido por una Resoluci\u00f3n Ministerial. El Informe N\u00b0 03-2013-JUS\/DGDH, elaborado el 29 de abril de 2013 por el Ministerio de Justicia, no cumple con la objetividad propia de un informe jur\u00eddico de un organismo p\u00fablico, que quiere encontrar la verdad y resolver a partir de ella. Dicho informe omite, ins\u00f3litamente, la sentencia del Tribunal Constitucional N\u00b0 02005-2009-PA\/TC, a prop\u00f3sito de la denominada \u201cP\u00edldora del d\u00eda siguiente\u201d que, de manera expl\u00edcita y detallada, se ha ocupado del derecho a la vida del concebido.<\/div>\n<div>\u00a0<\/div>\n<div>\u00a0 \u00a0 El Ministerio de Salud deber\u00eda preocuparse por los verdaderos problemas de la salud p\u00fablica y no por alterar la protecci\u00f3n constitucional del concebido a trav\u00e9s de una norma de menor rango. Si aprobara el PAT es claro que no ser\u00eda por necesidad de los peruanos sino para favorecer a las organizaciones promotoras del aborto, cuyo objetivo es aprobar un PAT para luego encubrir todo tipo de abortos, como lo han hecho en otros pa\u00edses. \u00a0<\/div>\n<div>\u00a0<\/div>\n<div>\u00a0 \u00a0 La necesidad de los peruanos es que los ni\u00f1os de la sierra y la selva no mueran por falta de prevenci\u00f3n b\u00e1sica, que las mujeres tengan mejores condiciones de atenci\u00f3n en el parto, porque est\u00e1 demostrado que esa es la manera m\u00e1s eficaz de disminuir la mortalidad materna.<\/div>\n<div>\u00a0<\/div>\n<div>\u00a0 \u00a0 Estamos a tiempo de prevenir un tremendo da\u00f1o a la pacificaci\u00f3n del pa\u00eds. Por eso queremos citar a la Madre Teresa de Calcuta, premio Nobel de la Paz 1979: \u201cLa amenaza m\u00e1s grande que sufre la paz hoy en d\u00eda es el aborto, porque el aborto es hacer la guerra al ni\u00f1o, al ni\u00f1o inocente que muere a manos de su propia madre. Si aceptamos que una madre pueda matar a su propio hijo, \u00bfc\u00f3mo podremos decirles a otros que no se maten? El pa\u00eds que acepta el aborto no est\u00e1 ense\u00f1ando a su pueblo a amar sino a aplicar la violencia para conseguir lo que se quiere. Es por eso que el mayor destructor del amor y de la paz es el aborto\u201d.\u00a0<\/div>\n<div>\u00a0<\/div>\n<div>\u00a0 \u00a0 Recientemente, m\u00e1s de 500.000 personas a nivel nacional participaron en la \u00abMarcha por la Vida\u00bb en Lima, Arequipa, Chiclayo, Iquitos, Piura, Puno, Trujillo, y en otras ciudades del pa\u00eds, manifest\u00e1ndose en contra de todo tipo de aborto. \u00c9ste es el sentir de un pa\u00eds profundamente respetuoso de la vida y del valor que tienen tanto el ni\u00f1o por nacer como la madre. Legislar o actuar en contrario o consumar el PAT no contribuye a la uni\u00f3n que tanto necesitamos.<\/div>\n<div>\u00a0<\/div>\n<div>Lima, 23 de abril de 2014<\/div>\n<div>\u00a0<\/div>\n<div>\u00a0<\/div>\n<div>Los Obispos del Per\u00fa<\/div>\n<p><a href=\"http:\/\/web.hilo.org.pe\/wp-content\/uploads\/conferencia episcopal.jpg\" target=\"_blank\" rel=\"noopener\">Ver archivo adjunto<\/a><\/p>\n","protected":false},"excerpt":{"rendered":"<p>Los Obispos del Per?, ante la posibilidad de que se apruebe el Protocolo de Aborto Terap?utico (PAT), consideramos un deber expresar nuestra defensa por aquel que tiene derecho a nacer.<\/p>\n","protected":false},"author":1,"featured_media":7854,"comment_status":"closed","ping_status":"closed","sticky":false,"template":"","format":"standard","meta":{"footnotes":""},"categories":[9],"tags":[],"class_list":["post-1792","post","type-post","status-publish","format-standard","has-post-thumbnail","hentry","category-noticias"],"_links":{"self":[{"href":"https:\/\/ceas.org.pe\/index.php\/wp-json\/wp\/v2\/posts\/1792","targetHints":{"allow":["GET"]}}],"collection":[{"href":"https:\/\/ceas.org.pe\/index.php\/wp-json\/wp\/v2\/posts"}],"about":[{"href":"https:\/\/ceas.org.pe\/index.php\/wp-json\/wp\/v2\/types\/post"}],"author":[{"embeddable":true,"href":"https:\/\/ceas.org.pe\/index.php\/wp-json\/wp\/v2\/users\/1"}],"replies":[{"embeddable":true,"href":"https:\/\/ceas.org.pe\/index.php\/wp-json\/wp\/v2\/comments?post=1792"}],"version-history":[{"count":1,"href":"https:\/\/ceas.org.pe\/index.php\/wp-json\/wp\/v2\/posts\/1792\/revisions"}],"predecessor-version":[{"id":7426,"href":"https:\/\/ceas.org.pe\/index.php\/wp-json\/wp\/v2\/posts\/1792\/revisions\/7426"}],"wp:featuredmedia":[{"embeddable":true,"href":"https:\/\/ceas.org.pe\/index.php\/wp-json\/wp\/v2\/media\/7854"}],"wp:attachment":[{"href":"https:\/\/ceas.org.pe\/index.php\/wp-json\/wp\/v2\/media?parent=1792"}],"wp:term":[{"taxonomy":"category","embeddable":true,"href":"https:\/\/ceas.org.pe\/index.php\/wp-json\/wp\/v2\/categories?post=1792"},{"taxonomy":"post_tag","embeddable":true,"href":"https:\/\/ceas.org.pe\/index.php\/wp-json\/wp\/v2\/tags?post=1792"}],"curies":[{"name":"wp","href":"https:\/\/api.w.org\/{rel}","templated":true}]}}