{"id":1791,"date":"2014-04-25T09:41:50","date_gmt":"2014-04-25T09:41:50","guid":{"rendered":""},"modified":"2026-03-11T09:12:23","modified_gmt":"2026-03-11T14:12:23","slug":"ceremonia-historica-en-el-vaticano-dos-papas-vivos-para-canonizar-a-juan-pablo-ii-y-juan-xxiii","status":"publish","type":"post","link":"https:\/\/ceas.org.pe\/index.php\/2014\/04\/25\/ceremonia-historica-en-el-vaticano-dos-papas-vivos-para-canonizar-a-juan-pablo-ii-y-juan-xxiii\/","title":{"rendered":"Ceremonia hist\u00f3rica en el Vaticano: dos papas vivos para canonizar a Juan Pablo II y Juan XXIII"},"content":{"rendered":"<p>El papa em\u00e9rito \u00a0Benedicto XVI participar\u00e1 el domingo de la ceremonia de \u00a0canonizaci\u00f3n de sus predecesores Juan Pablo II y Juan XXIII, que \u00a0encabezar\u00e1 Francisco en la plaza de San Pedro del Vaticano.\u00a0<\/p>\n<div>\u00a0<\/div>\n<div>?Roma vivir\u00e1 un evento hist\u00f3rico: dos papas vivos y dos papas \u00a0santos. Imagino qu\u00e9 emoci\u00f3n sentir\u00e1n Benedicto XVI y Francisco?, \u00a0dijo hoy el presidente de la Obra Romana de Peregrinaciones (ORP), \u00a0Liberio Andreatta, seg\u00fan informaron las agencias EFE y ANSA.\u00a0<\/div>\n<div>\u00a0<\/div>\n<div>Andreatta dirige la instituci\u00f3n del Vicariato de Roma que \u00a0organiza peregrinaciones a los principales lugares de culto y \u00a0tambi\u00e9n se est\u00e1 ocupando de la ceremonia del pr\u00f3ximo domingo, a la \u00a0que llegar\u00e1n cientos de miles de peregrinos de todo el mundo.\u00a0<\/div>\n<div>\u00a0<\/div>\n<div>El vocero de la oficina de prensa del Vaticano, Federico \u00a0Lombardi, explic\u00f3 ayer que aunque Benedicto XVI ya fue invitado a \u00a0la ceremonia del domingo, su presencia no era segura hasta el mismo \u00a0domingo por la ma\u00f1ana.\u00a0<\/div>\n<div>\u00a0<\/div>\n<div>Sin embargo, Andreatta confirm\u00f3 su presencia durante una \u00a0rueda de prensa organizada hoy por el Vaticano para presentar los \u00a0detalles log\u00edsticos de este gran evento de la Iglesia cat\u00f3lica.\u00a0<\/div>\n<div>\u00a0<\/div>\n<div>Seg\u00fan las estimaciones que hace la Santa Sede, se esperan \u00a0unos 800 mil fieles que se congregar\u00e1n en la Plaza San Pedro y a lo \u00a0largo de la V\u00eda de la Conciliaci\u00f3n para ser parte de la ceremonia, \u00a0a la que asistir\u00e1n delegaciones de 54 pa\u00edses; entre ellos 19 jefes \u00a0de Estado y 24 primeros ministros.\u00a0<\/div>\n<div>\u00a0<\/div>\n<div>Ya confirmaron su participaci\u00f3n los reyes de Espa\u00f1a; as\u00ed como \u00a0los presidentes de Ecuador, Rafael Correa, y de El Salvador, \u00a0Salvador S\u00e1nchez Cer\u00e9n. \u00a0<\/div>\n<div>\u00a0<\/div>\n<div>Fuente: iglesiacatolica.org.pe<\/div>\n<div>\u00a0<\/div>\n<div>\u00a0<\/div>\n<div><a href=\"http:\/\/www.iglesiacatolica.org.pe\/canonizacion-2-papas\/\" target=\"_blank\">VER SECCION ESPECIAL SOBRE CANONIZACI\u00d3N en la Conferencia Episcopal Peruana<\/a><\/div>\n<p><a href=\"http:\/\/web.hilo.org.pe\/wp-content\/uploads\/vaticano.jpg\" target=\"_blank\" rel=\"noopener\">Ver archivo adjunto<\/a><\/p>\n","protected":false},"excerpt":{"rendered":"<p>El papa em?rito  Benedicto XVI participar? el domingo de la ceremonia de  canonizaci?n de sus predecesores Juan Pablo II y Juan XXIII, que  encabezar? Francisco en la plaza de San Pedro del Vaticano.<\/p>\n","protected":false},"author":1,"featured_media":7903,"comment_status":"closed","ping_status":"closed","sticky":false,"template":"","format":"standard","meta":{"footnotes":""},"categories":[9],"tags":[],"class_list":["post-1791","post","type-post","status-publish","format-standard","has-post-thumbnail","hentry","category-noticias"],"_links":{"self":[{"href":"https:\/\/ceas.org.pe\/index.php\/wp-json\/wp\/v2\/posts\/1791","targetHints":{"allow":["GET"]}}],"collection":[{"href":"https:\/\/ceas.org.pe\/index.php\/wp-json\/wp\/v2\/posts"}],"about":[{"href":"https:\/\/ceas.org.pe\/index.php\/wp-json\/wp\/v2\/types\/post"}],"author":[{"embeddable":true,"href":"https:\/\/ceas.org.pe\/index.php\/wp-json\/wp\/v2\/users\/1"}],"replies":[{"embeddable":true,"href":"https:\/\/ceas.org.pe\/index.php\/wp-json\/wp\/v2\/comments?post=1791"}],"version-history":[{"count":1,"href":"https:\/\/ceas.org.pe\/index.php\/wp-json\/wp\/v2\/posts\/1791\/revisions"}],"predecessor-version":[{"id":7427,"href":"https:\/\/ceas.org.pe\/index.php\/wp-json\/wp\/v2\/posts\/1791\/revisions\/7427"}],"wp:featuredmedia":[{"embeddable":true,"href":"https:\/\/ceas.org.pe\/index.php\/wp-json\/wp\/v2\/media\/7903"}],"wp:attachment":[{"href":"https:\/\/ceas.org.pe\/index.php\/wp-json\/wp\/v2\/media?parent=1791"}],"wp:term":[{"taxonomy":"category","embeddable":true,"href":"https:\/\/ceas.org.pe\/index.php\/wp-json\/wp\/v2\/categories?post=1791"},{"taxonomy":"post_tag","embeddable":true,"href":"https:\/\/ceas.org.pe\/index.php\/wp-json\/wp\/v2\/tags?post=1791"}],"curies":[{"name":"wp","href":"https:\/\/api.w.org\/{rel}","templated":true}]}}