{"id":1786,"date":"2014-04-23T09:53:46","date_gmt":"2014-04-23T09:53:46","guid":{"rendered":""},"modified":"2026-03-11T09:12:23","modified_gmt":"2026-03-11T14:12:23","slug":"obispos-del-pero-responden-a-declaraciones-de-vargas-llosa-sobre-tema-de-union-civil-de-personas-del","status":"publish","type":"post","link":"https:\/\/ceas.org.pe\/index.php\/2014\/04\/23\/obispos-del-pero-responden-a-declaraciones-de-vargas-llosa-sobre-tema-de-union-civil-de-personas-del\/","title":{"rendered":"Obispos del Per\u00f3 responden a declaraciones de Vargas LLosa sobre tema de uni\u00f3n civil de personas del"},"content":{"rendered":"<div>COMUNICADO EN RESPUESTA A LAS DECLARACIONES DE MARIO VARGAS LLOSA<\/div>\n<div>\u00a0<\/div>\n<div>La verdad los har\u00e1 libres (Jn8, 32).<\/div>\n<div>\u00a0<\/div>\n<div>Con motivo del art\u00edculo publicado el pasado domingo en un diario de circulaci\u00f3n nacional, en el que el Dr. Mario Vargas Llosa califica con adjetivos irrespetuosos a la Conferencia Episcopal Peruana, nos dirigimos a nuestros fieles y a la opini\u00f3n p\u00fablica para manifestar lo siguiente:<\/div>\n<div>\u00a0<\/div>\n<div>1. Como personas y como peruanos, los obispos del Per\u00fa tenemos el derecho y la libertad de expresar las ense\u00f1anzas de la Iglesia a nuestros fieles y a la opini\u00f3n p\u00fablica, con el respeto que siempre lo hemos sabido hacer; m\u00e1s a\u00fan cuando los temas tienen que ver con la dignidad de la persona y con su fin \u00faltimo que es la salvaci\u00f3n, porque solo as\u00ed se construye una sociedad justa y pac\u00edfica.<\/div>\n<div>\u00a0<\/div>\n<div>2. Insultar y ofender a quien respetuosamente manifiesta su propia opini\u00f3n, en un pa\u00eds donde hay libertad de expresi\u00f3n, solamente porque no se est\u00e1de acuerdo con sus ideas, no ennoblece a nadie, menos a\u00fan cuando en ocasiones como \u00e9sta, el Dr. Vargas Llosa, se arroga el derecho de guardi\u00e1n de la conciencia de los otros, asunto que supera su competencia.<\/div>\n<div>\u00a0<\/div>\n<div>3. Dialogar con respeto es democracia verdadera; la intolerancia y el insulto fomentan la violencia de la que ya soportamos abundantes muestras. Fomentar la paz con respeto mutuo y libertad es lo que verdaderamente hace noble a la persona.<\/div>\n<div>\u00a0<\/div>\n<div>El Per\u00fa al que amamos tiene derecho a ver fortalecida su institucionalidad, el transparente servicio a la verdad y la defensa de la dignidad de las personas.<\/div>\n<div>\u00a0<\/div>\n<div>\u00a0<\/div>\n<div>\u00a0<\/div>\n<div>Lima, 22 de abril de 2014\u00a0<\/div>\n<p><a href=\"http:\/\/web.hilo.org.pe\/wp-content\/uploads\/20140423_conferencia episcopal peruana.jpg\" target=\"_blank\" rel=\"noopener\">Ver archivo adjunto<\/a><\/p>\n","protected":false},"excerpt":{"rendered":"<p>La verdad los har? libres (Jn8, 32).<\/p>\n<p>Con motivo del art?culo publicado el pasado domingo en un diario de circulaci?n nacional, en el que el Dr. Mario Vargas Llosa califica con adjetivos irrespetuosos a la Conferencia Episcopal Peruana, nos dirigimos a nuestros fieles y a la opini?n p?blica para manifestar lo siguiente:<\/p>\n","protected":false},"author":1,"featured_media":7854,"comment_status":"closed","ping_status":"closed","sticky":false,"template":"","format":"standard","meta":{"footnotes":""},"categories":[9],"tags":[],"class_list":["post-1786","post","type-post","status-publish","format-standard","has-post-thumbnail","hentry","category-noticias"],"_links":{"self":[{"href":"https:\/\/ceas.org.pe\/index.php\/wp-json\/wp\/v2\/posts\/1786","targetHints":{"allow":["GET"]}}],"collection":[{"href":"https:\/\/ceas.org.pe\/index.php\/wp-json\/wp\/v2\/posts"}],"about":[{"href":"https:\/\/ceas.org.pe\/index.php\/wp-json\/wp\/v2\/types\/post"}],"author":[{"embeddable":true,"href":"https:\/\/ceas.org.pe\/index.php\/wp-json\/wp\/v2\/users\/1"}],"replies":[{"embeddable":true,"href":"https:\/\/ceas.org.pe\/index.php\/wp-json\/wp\/v2\/comments?post=1786"}],"version-history":[{"count":1,"href":"https:\/\/ceas.org.pe\/index.php\/wp-json\/wp\/v2\/posts\/1786\/revisions"}],"predecessor-version":[{"id":7432,"href":"https:\/\/ceas.org.pe\/index.php\/wp-json\/wp\/v2\/posts\/1786\/revisions\/7432"}],"wp:featuredmedia":[{"embeddable":true,"href":"https:\/\/ceas.org.pe\/index.php\/wp-json\/wp\/v2\/media\/7854"}],"wp:attachment":[{"href":"https:\/\/ceas.org.pe\/index.php\/wp-json\/wp\/v2\/media?parent=1786"}],"wp:term":[{"taxonomy":"category","embeddable":true,"href":"https:\/\/ceas.org.pe\/index.php\/wp-json\/wp\/v2\/categories?post=1786"},{"taxonomy":"post_tag","embeddable":true,"href":"https:\/\/ceas.org.pe\/index.php\/wp-json\/wp\/v2\/tags?post=1786"}],"curies":[{"name":"wp","href":"https:\/\/api.w.org\/{rel}","templated":true}]}}