{"id":1784,"date":"2014-04-22T09:15:40","date_gmt":"2014-04-22T09:15:40","guid":{"rendered":""},"modified":"2026-03-11T09:12:23","modified_gmt":"2026-03-11T14:12:23","slug":"vaticano-a-la-onu-promover-el-desarrollo-y-no-el-aborto-y-la-anticoncepcion","status":"publish","type":"post","link":"https:\/\/ceas.org.pe\/index.php\/2014\/04\/22\/vaticano-a-la-onu-promover-el-desarrollo-y-no-el-aborto-y-la-anticoncepcion\/","title":{"rendered":"Vaticano a la ONU: promover el desarrollo y no el aborto y la anticoncepci\u00f3n"},"content":{"rendered":"<div>(Zenit) \u201cEl fen\u00f3meno insostenible del envejecimiento de la poblaci\u00f3n se puede resolver solamente promoviendo la vida familiar y la fertilidad\u201d, porque para sostener y mantener a los ancianos es necesario tener \u201cgeneraciones futuras m\u00e1s numerosas, no escasas, que puedan contribuir econ\u00f3micamente al sistema social y proveer al apoyo familiar intergeneracional\u201d.<\/div>\n<div>\u00a0<\/div>\n<div>\u00a0<\/div>\n<div>Lo indic\u00f3 el observador permanente de la Santa Sede ante las Naciones Unidas, el arzobispo Francis Chullikat en su discurso pronunciado en New York, recientemente.<\/div>\n<div>\u00a0<\/div>\n<div>El arzobispo en el discurso realizado en el \u00e1mbito de la 47 sesi\u00f3n de la Comisi\u00f3n de las Naciones Unidas dedicada a poblaci\u00f3n y desarrollo precis\u00f3 que algunas interpretaciones sobre este tema \u201cparecen considerar la fertilidad y embarazo como una enfermedad que los gobiernos tienen que prevenir o curar\u201d. Si bien esta actitud puede reflejar las preocupaciones de algunos pa\u00edses desarrollados, esta visi\u00f3n \u201cen escala universal deforma la realidad de las poblaciones y del desarrollo de la mayor parte de los pa\u00edses del mundo, para los cuales en cambio otros temas tienen mayor prioridad\u201d.<\/div>\n<div>\u00a0<\/div>\n<div>El enfoque justo deber\u00eda tener en vista por lo tanto \u201cmenos lo que se refiere a la reducci\u00f3n de la fertilidad y m\u00e1s atenci\u00f3n a los programas que aporten desarrollo humano integral\u201d como \u201cel acceso a la educaci\u00f3n, a las oportunidades econ\u00f3micas, a los servicios sanitarios de base y el apoyo a la familia, que deber\u00edan ser las l\u00edneas gu\u00edas para el desarrollo\u201d.<\/div>\n<div>\u00a0<\/div>\n<div>Por ello el observador de la Santa Sede pidi\u00f3 poner atenci\u00f3n \u201cante la insistente promoci\u00f3n de los llamados &#8216;derechos&#8217; de la salud reproductiva\u201d que esconde en realidad \u201cel intento de favorecer la legalizaci\u00f3n del aborto\u201d. Y que \u201clos gobiernos deber\u00edan ayudar a las mujeres a evitar la interrupci\u00f3n voluntaria del embarazo\u201d.<\/div>\n<div>\u00a0<\/div>\n<div>Al concluir el arzobispo toma una cita de la exhortaci\u00f3n apost\u00f3lica Evangelii Gaudium, del papa Francisco, en la que indica: \u201cNo es progresista querer resolver los problemas eliminando a una vida humana\u201d, y reitera que \u201cal promover los servicios accesibles y de calidad en el campo de la formaci\u00f3n, de la sanidad, alimentaci\u00f3n y en el respeto de todos los derechos humanos, la Santa Sede demuestra que la atenci\u00f3n y compasi\u00f3n por los pobres, es mejor que centrarse sobre una reducci\u00f3n de la fertilidad, como modelo para un desarrollo verdaderamente humano\u201d.<\/div>\n<div>\u00a0<\/div>\n<div>(Texto de la Radio Vaticano traducido y adaptado por Hern\u00e1n Sergio Mora)<\/div>\n<div>\u00a0<\/div>\n<p><a href=\"http:\/\/web.hilo.org.pe\/wp-content\/uploads\/sonrriendo.jpg\" target=\"_blank\" rel=\"noopener\">Ver archivo adjunto<\/a><\/p>\n","protected":false},"excerpt":{"rendered":"<p>(Zenit) ?El fen?meno insostenible del envejecimiento de la poblaci?n se puede resolver solamente promoviendo la vida familiar y la fertilidad?, porque para sostener y mantener a los ancianos es necesario tener ?generaciones futuras m?s numerosas, no escasas, que puedan contribuir econ?micamente al sistema social y proveer al apoyo familiar intergeneracional?. (Foto: www.cdc.gov)<\/p>\n","protected":false},"author":1,"featured_media":7903,"comment_status":"closed","ping_status":"closed","sticky":false,"template":"","format":"standard","meta":{"footnotes":""},"categories":[9],"tags":[],"class_list":["post-1784","post","type-post","status-publish","format-standard","has-post-thumbnail","hentry","category-noticias"],"_links":{"self":[{"href":"https:\/\/ceas.org.pe\/index.php\/wp-json\/wp\/v2\/posts\/1784","targetHints":{"allow":["GET"]}}],"collection":[{"href":"https:\/\/ceas.org.pe\/index.php\/wp-json\/wp\/v2\/posts"}],"about":[{"href":"https:\/\/ceas.org.pe\/index.php\/wp-json\/wp\/v2\/types\/post"}],"author":[{"embeddable":true,"href":"https:\/\/ceas.org.pe\/index.php\/wp-json\/wp\/v2\/users\/1"}],"replies":[{"embeddable":true,"href":"https:\/\/ceas.org.pe\/index.php\/wp-json\/wp\/v2\/comments?post=1784"}],"version-history":[{"count":1,"href":"https:\/\/ceas.org.pe\/index.php\/wp-json\/wp\/v2\/posts\/1784\/revisions"}],"predecessor-version":[{"id":7434,"href":"https:\/\/ceas.org.pe\/index.php\/wp-json\/wp\/v2\/posts\/1784\/revisions\/7434"}],"wp:featuredmedia":[{"embeddable":true,"href":"https:\/\/ceas.org.pe\/index.php\/wp-json\/wp\/v2\/media\/7903"}],"wp:attachment":[{"href":"https:\/\/ceas.org.pe\/index.php\/wp-json\/wp\/v2\/media?parent=1784"}],"wp:term":[{"taxonomy":"category","embeddable":true,"href":"https:\/\/ceas.org.pe\/index.php\/wp-json\/wp\/v2\/categories?post=1784"},{"taxonomy":"post_tag","embeddable":true,"href":"https:\/\/ceas.org.pe\/index.php\/wp-json\/wp\/v2\/tags?post=1784"}],"curies":[{"name":"wp","href":"https:\/\/api.w.org\/{rel}","templated":true}]}}