{"id":1779,"date":"2014-04-16T09:19:01","date_gmt":"2014-04-16T09:19:01","guid":{"rendered":""},"modified":"2026-03-11T09:12:23","modified_gmt":"2026-03-11T14:12:23","slug":"viacrucis-del-migrante-en-guatemala","status":"publish","type":"post","link":"https:\/\/ceas.org.pe\/index.php\/2014\/04\/16\/viacrucis-del-migrante-en-guatemala\/","title":{"rendered":"Viacrucis del migrante en Guatemala"},"content":{"rendered":"<p>\u00a0Ante la ausencia de pol\u00edticas que eviten el \u00e9xodo de miles de guatemaltecos hacia los Estados Unidos, donde son discriminados y deportados, algunos representantes de organizaciones civiles y religiosas de Guatemala, entre ellas la iglesia cat\u00f3lica, la iglesia evang\u00e9lica y la Procuradur\u00eda de Derechos Humanos, lideraron el \u00abviacrucis del migrante\u00bb.<\/p>\n<div>\u00a0<\/div>\n<div>De acuerdo con cifras oficiales, 14.262 guatemaltecos y 8.324 mexicanos han sido deportados en los tres primeros meses del a\u00f1o (1\u00ba de enero a 3 de abril). El a\u00f1o pasado, 50.221 guatemaltecos, tuvieron la misma suerte. Ante este hecho, Hilda M\u00e9rida, procuradora adjunta de Derechos Humanos afirm\u00f3 que \u00abes preocupante que no existan en Guatemala pol\u00edticas de inclusi\u00f3n y empleo para evitar la migraci\u00f3n\u00bb.<\/div>\n<div>\u00a0<\/div>\n<div>Uno de los religiosos que participaba lament\u00f3 que \u00abtodos los d\u00edas mucha gente deja su tierra y su patria en busca de mejores condiciones de vida\u00bb, movidos por la pobreza, la miseria y la violencia que afecta a por lo menos la mitad de los 15 millones de habitantes de Guatemala.<\/div>\n<div>\u00a0<\/div>\n<div>La actividad, que tuvo lugar en la Plaza de la Constituci\u00f3n, represent\u00f3 el viacrucis que sufren miles de migrantes centroamericanos que buscan el \u00absue\u00f1o americano\u00bb y, en su lugar, son v\u00edctimas de secuestros, accidentes y persecuciones. Anualmente, esta acci\u00f3n conjunta, en la que se elaboran altares y alfombras con aserr\u00edn de colores, sal, fr\u00edjol y otros productos b\u00e1sicos, recuerda que la migraci\u00f3n es un fen\u00f3meno real que afecta a miles de familias guatemaltecas y de migrantes indocumentados.<\/div>\n<div>\u00a0<\/div>\n<div>Las instituciones pidieron al gobierno y al congreso de Guatemala \u00abdemandar a Estados Unidos la regularizaci\u00f3n migratoria de los ciudadanos de este pa\u00eds centroamericano y tambi\u00e9n que se respeten los derechos humanos\u00bb.<\/div>\n<div>\u00a0<\/div>\n<div>Fuentes: Noticias Terra y Agencia EFE\u00a0<\/div>\n<p><a href=\"http:\/\/web.hilo.org.pe\/wp-content\/uploads\/guatemala.jpg\" target=\"_blank\" rel=\"noopener\">Ver archivo adjunto<\/a><\/p>\n","protected":false},"excerpt":{"rendered":"<p>Ante la ausencia de pol?ticas que eviten el ?xodo de miles de guatemaltecos hacia los Estados Unidos, donde son discriminados y deportados, algunos representantes de organizaciones civiles y religiosas de Guatemala, entre ellas la iglesia cat?lica, la iglesia evang?lica y la Procuradur?a de Derechos Humanos, lideraron el \u00abviacrucis del migrante\u00bb.<\/p>\n","protected":false},"author":1,"featured_media":7999,"comment_status":"closed","ping_status":"closed","sticky":false,"template":"","format":"standard","meta":{"footnotes":""},"categories":[9],"tags":[],"class_list":["post-1779","post","type-post","status-publish","format-standard","has-post-thumbnail","hentry","category-noticias"],"_links":{"self":[{"href":"https:\/\/ceas.org.pe\/index.php\/wp-json\/wp\/v2\/posts\/1779","targetHints":{"allow":["GET"]}}],"collection":[{"href":"https:\/\/ceas.org.pe\/index.php\/wp-json\/wp\/v2\/posts"}],"about":[{"href":"https:\/\/ceas.org.pe\/index.php\/wp-json\/wp\/v2\/types\/post"}],"author":[{"embeddable":true,"href":"https:\/\/ceas.org.pe\/index.php\/wp-json\/wp\/v2\/users\/1"}],"replies":[{"embeddable":true,"href":"https:\/\/ceas.org.pe\/index.php\/wp-json\/wp\/v2\/comments?post=1779"}],"version-history":[{"count":1,"href":"https:\/\/ceas.org.pe\/index.php\/wp-json\/wp\/v2\/posts\/1779\/revisions"}],"predecessor-version":[{"id":7439,"href":"https:\/\/ceas.org.pe\/index.php\/wp-json\/wp\/v2\/posts\/1779\/revisions\/7439"}],"wp:featuredmedia":[{"embeddable":true,"href":"https:\/\/ceas.org.pe\/index.php\/wp-json\/wp\/v2\/media\/7999"}],"wp:attachment":[{"href":"https:\/\/ceas.org.pe\/index.php\/wp-json\/wp\/v2\/media?parent=1779"}],"wp:term":[{"taxonomy":"category","embeddable":true,"href":"https:\/\/ceas.org.pe\/index.php\/wp-json\/wp\/v2\/categories?post=1779"},{"taxonomy":"post_tag","embeddable":true,"href":"https:\/\/ceas.org.pe\/index.php\/wp-json\/wp\/v2\/tags?post=1779"}],"curies":[{"name":"wp","href":"https:\/\/api.w.org\/{rel}","templated":true}]}}