{"id":1778,"date":"2014-04-16T09:14:13","date_gmt":"2014-04-16T09:14:13","guid":{"rendered":""},"modified":"2026-03-11T09:12:23","modified_gmt":"2026-03-11T14:12:23","slug":"gobierno-ratifica-ante-la-onu-compromiso-con-poblaciones-vulnerables","status":"publish","type":"post","link":"https:\/\/ceas.org.pe\/index.php\/2014\/04\/16\/gobierno-ratifica-ante-la-onu-compromiso-con-poblaciones-vulnerables\/","title":{"rendered":"Gobierno ratifica ante la ONU compromiso con poblaciones vulnerables"},"content":{"rendered":"<p>El viceministro de Poblaciones Vulnerables, Julio Rojas, ratific\u00f3 ante la Organizaci\u00f3n de la Naciones Unidas (ONU) el compromiso del Gobierno para atender a los ciudadanos en situaci\u00f3n de vulnerabilidad, dando prioridad a los derechos humanos, g\u00e9nero y conservaci\u00f3n de valores culturales.<\/p>\n<div>\u00a0<\/div>\n<div>Durante la Conferencia de Poblaci\u00f3n y Desarrollo, convocada por la ONU, refiri\u00f3 que entre el 2001 y \u00a02012, la pobreza en el Per\u00fa ha disminuido cerca de 30 puntos como resultado del sostenido crecimiento econ\u00f3mico; no obstante, a\u00fan persisten brechas de desarrollo en las zonas rurales y urbanas.\u00a0<\/div>\n<div>\u00a0<\/div>\n<div>Por ello, remarc\u00f3 que el Ejecutivo est\u00e1 enfocando su acci\u00f3n en las poblaciones m\u00e1s alejadas del pa\u00eds.\u00a0<\/div>\n<div>\u00a0<\/div>\n<div>Explic\u00f3 que el gobierno promueve el crecimiento con inclusi\u00f3n social en democracia, con una reforma gradual del Estado y de sus relaciones con la sociedad, con el prop\u00f3sito de concretar el ejercicio igualitario de los derechos humanos, \u00a0participaci\u00f3n pol\u00edtica, acceso a la salud, educaci\u00f3n, alimentaci\u00f3n, vivienda, empleo digno y seguridad social.<\/div>\n<div>\u00a0<\/div>\n<div>Refiri\u00f3 que Per\u00fa ha plasmado sus compromisos en pol\u00edticas nacionales que rigen la acci\u00f3n del Estado en su conjunto y se ha formulado el Plan Nacional para la Reducci\u00f3n de la Mortalidad Materna y Neonatal y el Plan Nacional Multisectorial para la prevenci\u00f3n del Embarazo Adolescente, entre otros planes.\u00a0<\/div>\n<div>\u00a0<\/div>\n<div>\u00a0<\/div>\n<div>Asimismo, dijo que est\u00e1 en marcha \u00a0el Plan Nacional de Acci\u00f3n por la Infancia y la Adolescencia 2012-2021, que norma la prioridad de su atenci\u00f3n en todos los niveles de gobierno.\u00a0<\/div>\n<div>\u00a0<\/div>\n<div>Tambi\u00e9n se vienen implementando diversos programas orientados a restituir los derechos de ni\u00f1as, ni\u00f1os y adolescentes, como el Programa Nacional Yachay que atiende a ni\u00f1os en situaci\u00f3n de calle.<\/div>\n<div>\u00a0<\/div>\n<div>Agreg\u00f3 que se han aprobado diversas normas que reconocen los derechos de los pueblos ind\u00edgenas u originarios en situaci\u00f3n de aislamiento.\u00a0<\/div>\n<div>\u00a0<\/div>\n<div>En ese sentido, resalt\u00f3 \u00a0la ley del derecho a la Consulta Previa y la Pol\u00edtica Nacional de Pueblos Andinos, Amaz\u00f3nicos y Afroperuanos y la necesaria continuidad \u00a0despu\u00e9s de 2014.<\/div>\n<div>\u00a0<\/div>\n<div>Rojas concluy\u00f3 su exposici\u00f3n destacando los planes que recoge \u00a0el Consenso de Montevideo y la Agenda de Desarrollo post-2015.\u00a0<\/div>\n<div>\u00a0<\/div>\n<div>Fuente: andina.com.pe<\/div>\n<p><a href=\"http:\/\/web.hilo.org.pe\/wp-content\/uploads\/onu.jpg\" target=\"_blank\" rel=\"noopener\">Ver archivo adjunto<\/a><\/p>\n","protected":false},"excerpt":{"rendered":"<p>El viceministro de Poblaciones Vulnerables, Julio Rojas, ratific? ante la Organizaci?n de la Naciones Unidas (ONU) el compromiso del Gobierno para atender a los ciudadanos en situaci?n de vulnerabilidad, dando prioridad a los derechos humanos, g?nero y conservaci?n de valores culturales.<\/p>\n","protected":false},"author":1,"featured_media":7905,"comment_status":"closed","ping_status":"closed","sticky":false,"template":"","format":"standard","meta":{"footnotes":""},"categories":[9],"tags":[],"class_list":["post-1778","post","type-post","status-publish","format-standard","has-post-thumbnail","hentry","category-noticias"],"_links":{"self":[{"href":"https:\/\/ceas.org.pe\/index.php\/wp-json\/wp\/v2\/posts\/1778","targetHints":{"allow":["GET"]}}],"collection":[{"href":"https:\/\/ceas.org.pe\/index.php\/wp-json\/wp\/v2\/posts"}],"about":[{"href":"https:\/\/ceas.org.pe\/index.php\/wp-json\/wp\/v2\/types\/post"}],"author":[{"embeddable":true,"href":"https:\/\/ceas.org.pe\/index.php\/wp-json\/wp\/v2\/users\/1"}],"replies":[{"embeddable":true,"href":"https:\/\/ceas.org.pe\/index.php\/wp-json\/wp\/v2\/comments?post=1778"}],"version-history":[{"count":1,"href":"https:\/\/ceas.org.pe\/index.php\/wp-json\/wp\/v2\/posts\/1778\/revisions"}],"predecessor-version":[{"id":7440,"href":"https:\/\/ceas.org.pe\/index.php\/wp-json\/wp\/v2\/posts\/1778\/revisions\/7440"}],"wp:featuredmedia":[{"embeddable":true,"href":"https:\/\/ceas.org.pe\/index.php\/wp-json\/wp\/v2\/media\/7905"}],"wp:attachment":[{"href":"https:\/\/ceas.org.pe\/index.php\/wp-json\/wp\/v2\/media?parent=1778"}],"wp:term":[{"taxonomy":"category","embeddable":true,"href":"https:\/\/ceas.org.pe\/index.php\/wp-json\/wp\/v2\/categories?post=1778"},{"taxonomy":"post_tag","embeddable":true,"href":"https:\/\/ceas.org.pe\/index.php\/wp-json\/wp\/v2\/tags?post=1778"}],"curies":[{"name":"wp","href":"https:\/\/api.w.org\/{rel}","templated":true}]}}