{"id":1775,"date":"2014-04-15T09:38:13","date_gmt":"2014-04-15T09:38:13","guid":{"rendered":""},"modified":"2026-03-11T09:12:23","modified_gmt":"2026-03-11T14:12:23","slug":"comision-episcopal-de-educacion-en-cita-con-ministro-de-educacion","status":"publish","type":"post","link":"https:\/\/ceas.org.pe\/index.php\/2014\/04\/15\/comision-episcopal-de-educacion-en-cita-con-ministro-de-educacion\/","title":{"rendered":"Comisi\u00f3n Episcopal de Educaci\u00f3n en cita con Ministro de Educaci\u00f3n"},"content":{"rendered":"<div>El Obispo Auxiliar de Trujillo y Presidente de la Comisi\u00f3n Episcopal de Cultura y Educaci\u00f3n de la Conferencia Episcopal Peruana, Monse\u00f1or Jos\u00e9 Javier Travieso Martin, CMF., se reuni\u00f3 con el Dr. Jaime Saavedra Chanduv\u00ed, actual Ministro de Educaci\u00f3n, para saludarlo por su nombramiento y ofrecerle toda la colaboraci\u00f3n de la Iglesia en materia educativa y darle a conocer algunos temas importantes que preocupa sobre la gesti\u00f3n de la calidad de la educaci\u00f3n integral en nuestro pa\u00eds.\u00a0<\/div>\n<div>\u00a0<\/div>\n<div>En esta reuni\u00f3n tambi\u00e9n participaron la Mg. Mar\u00eda Torres Castro, Directora de la Oficina Nacional de Educaci\u00f3n Cat\u00f3lica \u2013 ONDEC, y la Hermana Mar\u00eda Antonieta Garc\u00eda, Presidenta del Consorcio de Centros Educativos Cat\u00f3licos del Per\u00fa.<\/div>\n<div>\u00a0<\/div>\n<div>En torno al Marco Curricular Nacional en debate, el Obispo comunic\u00f3 al Ministro que si los cambios en las pol\u00edticas educativas no son producto de un amplio debate nacional, llegar\u00e1n a las Instituciones Educativas con pocas posibilidades de \u00e9xito. En el Per\u00fa rige desde el 2009 el llamado Dise\u00f1o Curricular Nacional (DCN). Seg\u00fan el Reglamento de la Ley General de Educaci\u00f3n el DCN debe ser revisado cada cinco a\u00f1os, por tanto es en el 2014 cuando deber\u00eda ponerse al d\u00eda con los avances de la ciencia y las demandas de la sociedad.\u00a0<\/div>\n<div>\u00a0<\/div>\n<div>Este curr\u00edculo debe ser objeto de un debate nacional siendo los docentes los primeros en participar por ser los que lo van a aplicar en cada regi\u00f3n del pa\u00eds.<\/div>\n<div>\u00a0<\/div>\n<div>En relaci\u00f3n al aprendizaje fundamental sobre espiritualidad y religi\u00f3n en esta reuni\u00f3n se dijo que desde la primera versi\u00f3n en el Marco del Buen Desempe\u00f1o docente aprobado por la RM. O547-2012 en la que se presentan 8 aprendizajes fundamentales para los estudiantes de la Educaci\u00f3n B\u00e1sica Regular (EBR), hasta la \u00faltima versi\u00f3n del mes de enero 2014, no aparece la dimensi\u00f3n espiritual y religiosa de la persona. Cabe recordar que entre los objetivos de la educaci\u00f3n peruana comprendidos en la Ley General de Educaci\u00f3n est\u00e1 se\u00f1alada expl\u00edcitamente la educaci\u00f3n espiritual y religiosa.<\/div>\n<div>\u00a0<\/div>\n<div>En esta reuni\u00f3n tambi\u00e9n se pidi\u00f3 que las instituciones educativas de \u201cFe y Alegr\u00eda\u201d y las de Acci\u00f3n Conjunta bajo la RM N\u00ba 483-89-ED, reciban un trato justo al desempe\u00f1o y colaboraci\u00f3n de calidad que brindan a la sociedad, con la adjudicaci\u00f3n de plazas necesarias para su buen desempe\u00f1o. Tambi\u00e9n que las plazas de Educaci\u00f3n Religiosa no sean sustituidas por otras \u00e1reas o reducidas en su carga horaria.<\/div>\n<div>\u00a0<\/div>\n<div>Asimismo, se pidi\u00f3 que las horas de Educaci\u00f3n Religiosa no sean a\u00f1adidas a otros docentes que no tienen la preparaci\u00f3n necesaria con el objetivo de completar su carga horaria, mientras se les niega a los docentes titulados en Religi\u00f3n y que tienen una segunda especialidad, completar las horas que faltan con dicha especialidad.\u00a0<\/div>\n<div>\u00a0<\/div>\n<div>Finalmente, la Directora de la ONDEC, Mar\u00eda Torres, pidi\u00f3 a la Directora Nacional de la EBR Patricia Andrade, presente en la reuni\u00f3n, que se agilicen los tr\u00e1mites para que se reformule el Dise\u00f1o Curricular Nacional, las competencias y capacidades del \u00e1rea de Educaci\u00f3n Religiosa de acuerdo a las propuestas en la Ruta de Aprendizaje aprobada por los se\u00f1ores Obispos y que fuera solicitados por la Oficina Nacional el pasado mes de febrero.<\/div>\n<div>\u00a0<\/div>\n<div>(Fuente: CEP)\u00a0<\/div>\n<div>\u00a0<\/div>\n<p><a href=\"http:\/\/web.hilo.org.pe\/wp-content\/uploads\/ministro.JPG\" target=\"_blank\" rel=\"noopener\">Ver archivo adjunto<\/a><\/p>\n","protected":false},"excerpt":{"rendered":"<p>El Obispo Auxiliar de Trujillo y Presidente de la Comisi?n Episcopal de Cultura y Educaci?n de la Conferencia Episcopal Peruana, Monse?or Jos? Javier Travieso Martin, CMF., se reuni? con el Dr. Jaime Saavedra Chanduv?, actual Ministro de Educaci?n, para saludarlo por su nombramiento y ofrecerle toda la colaboraci?n de la Iglesia en materia educativa y darle a conocer algunos temas importantes que preocupa sobre la gesti?n de la calidad de la educaci?n integral en nuestro pa?s.<\/p>\n","protected":false},"author":1,"featured_media":7967,"comment_status":"closed","ping_status":"closed","sticky":false,"template":"","format":"standard","meta":{"footnotes":""},"categories":[9],"tags":[],"class_list":["post-1775","post","type-post","status-publish","format-standard","has-post-thumbnail","hentry","category-noticias"],"_links":{"self":[{"href":"https:\/\/ceas.org.pe\/index.php\/wp-json\/wp\/v2\/posts\/1775","targetHints":{"allow":["GET"]}}],"collection":[{"href":"https:\/\/ceas.org.pe\/index.php\/wp-json\/wp\/v2\/posts"}],"about":[{"href":"https:\/\/ceas.org.pe\/index.php\/wp-json\/wp\/v2\/types\/post"}],"author":[{"embeddable":true,"href":"https:\/\/ceas.org.pe\/index.php\/wp-json\/wp\/v2\/users\/1"}],"replies":[{"embeddable":true,"href":"https:\/\/ceas.org.pe\/index.php\/wp-json\/wp\/v2\/comments?post=1775"}],"version-history":[{"count":1,"href":"https:\/\/ceas.org.pe\/index.php\/wp-json\/wp\/v2\/posts\/1775\/revisions"}],"predecessor-version":[{"id":7443,"href":"https:\/\/ceas.org.pe\/index.php\/wp-json\/wp\/v2\/posts\/1775\/revisions\/7443"}],"wp:featuredmedia":[{"embeddable":true,"href":"https:\/\/ceas.org.pe\/index.php\/wp-json\/wp\/v2\/media\/7967"}],"wp:attachment":[{"href":"https:\/\/ceas.org.pe\/index.php\/wp-json\/wp\/v2\/media?parent=1775"}],"wp:term":[{"taxonomy":"category","embeddable":true,"href":"https:\/\/ceas.org.pe\/index.php\/wp-json\/wp\/v2\/categories?post=1775"},{"taxonomy":"post_tag","embeddable":true,"href":"https:\/\/ceas.org.pe\/index.php\/wp-json\/wp\/v2\/tags?post=1775"}],"curies":[{"name":"wp","href":"https:\/\/api.w.org\/{rel}","templated":true}]}}