{"id":1770,"date":"2014-04-11T09:05:45","date_gmt":"2014-04-11T09:05:45","guid":{"rendered":""},"modified":"2026-03-11T09:12:23","modified_gmt":"2026-03-11T14:12:23","slug":"minjus-emprende-por-segundo-aoo-consecutivo-ocampaoa-nacional-de-pension-de-alimentoso","status":"publish","type":"post","link":"https:\/\/ceas.org.pe\/index.php\/2014\/04\/11\/minjus-emprende-por-segundo-aoo-consecutivo-ocampaoa-nacional-de-pension-de-alimentoso\/","title":{"rendered":"MINJUS emprende por segundo a\u00f3o consecutivo \u00f3Campa\u00f3a Nacional de Pensi\u00f3n de Alimentos\u00f3"},"content":{"rendered":"<p>\u00a0<span style=\"font-size: 14px; color: rgb(51, 51, 51); font-family: Arial, Helvetica, sans-serif; line-height: 18px; text-align: justify;\">Por segundo a\u00f1o consecutivo y cumpliendo la pol\u00edtica de defensa legal de los m\u00e1s necesitados, el Ministerio de Justicia y Derechos Humanos (Minjus), a trav\u00e9s de la Direcci\u00f3n de Defensa P\u00fablica, emprendi\u00f3 la \u201cCampa\u00f1a Nacional de Pensi\u00f3n de Alimentos\u201d, con el fin de apoyar legalmente a los menores cuyos padres no cumplen con cubrir sus vestidos, alimentaci\u00f3n y estudios.<\/span><\/p>\n<p style=\"padding: 0px; margin: 0px 0px 1.5em; color: rgb(51, 51, 51); font-family: Arial, Helvetica, sans-serif; line-height: 18px; text-align: justify;\"><span style=\"font-size: 14px;\">Un total de mil 200 abogados del Minjus, entre defensores p\u00fablicos y conciliadores extrajudiciales, salieron a las principales plazas del pa\u00eds, a nivel nacional, para informar a las ciudadan\u00eda sobre el derecho que les asiste a los menores, cuyos padres se encuentran separados, a que se les financie sus principales necesidades. Al mismo tiempo, los propios defensores estar\u00e1n a disposici\u00f3n, de manera gratuita.<\/span><\/p>\n<p style=\"padding: 0px; margin: 0px 0px 1.5em; color: rgb(51, 51, 51); font-family: Arial, Helvetica, sans-serif; line-height: 18px; text-align: justify;\"><span style=\"font-size: 14px;\">La actividad, que se desarroll\u00f3 hoy jueves 10 y culminar\u00e1 el viernes 11 de abril del presente, se realiza en 120 lugares estrat\u00e9gicos (plazas, parques o mercados) desde las 9 de la ma\u00f1ana hasta las 3 de la tarde.<\/span><\/p>\n<p style=\"padding: 0px; margin: 0px 0px 1.5em; color: rgb(51, 51, 51); font-family: Arial, Helvetica, sans-serif; line-height: 18px; text-align: justify;\"><span style=\"font-size: 14px;\">El p\u00fablico en general tuvo la oportunidad de conocer sobre los tr\u00e1mites legales a realizarse en los procesos judiciales, mejor conocidos como Juicios de Alimentos.<\/span><\/p>\n<p style=\"padding: 0px; margin: 0px 0px 1.5em; color: rgb(51, 51, 51); font-family: Arial, Helvetica, sans-serif; line-height: 18px; text-align: justify;\"><span style=\"font-size: 14px;\">En el a\u00f1o 2013, se atendieron 47,767 casos y 45,500 casos en sendas campa\u00f1as, siendo la sede de Puno la que m\u00e1s poblaci\u00f3n atendi\u00f3,12 mil asistencias en ambas campa\u00f1as.<\/span><\/p>\n<p style=\"padding: 0px; margin: 0px 0px 1.5em; color: rgb(51, 51, 51); font-family: Arial, Helvetica, sans-serif; line-height: 18px; text-align: justify;\"><span style=\"font-size: 14px;\">Con esta campa\u00f1a, la Direcci\u00f3n de Defensa P\u00fablica inicia este a\u00f1o una serie de actividades masivas dedicadas a promover entre la ciudadan\u00eda el respeto por los derechos primordiales del ser humano como la alimentaci\u00f3n (campa\u00f1a de alimentos), la identidad (campa\u00f1a de reconocimiento de paternidad), la libertad (campa\u00f1a contra la trata de personas) y la paz familiar (campa\u00f1a contra la violencia familiar).<\/span><\/p>\n<p style=\"padding: 0px; margin: 0px 0px 1.5em; color: rgb(51, 51, 51); font-family: Arial, Helvetica, sans-serif; line-height: 18px; text-align: justify;\"><span style=\"font-size: 14px;\">En esta primera campa\u00f1a se ha previsto atender a unas 30 mil personas a nivel nacional, durante los dos d\u00edas de atenci\u00f3n permanente.<\/span><\/p>\n<p style=\"padding: 0px; margin: 0px 0px 1.5em; color: rgb(51, 51, 51); font-family: Arial, Helvetica, sans-serif; line-height: 18px; text-align: justify;\"><span style=\"font-size: 14px;\">El viceministro de Derechos Humanos y Acceso a la Justicia, Jos\u00e9 \u00c1vila Herrera, inaugur\u00f3 hoy la campa\u00f1a en el distrito de Mi Per\u00fa en Ventanilla, hasta donde acudi\u00f3 una decena de abogados del Minjus para ponerse a disposici\u00f3n de los vecinos del lugar.<\/span><\/p>\n<p style=\"padding: 0px; margin: 0px 0px 1.5em; color: rgb(51, 51, 51); font-family: Arial, Helvetica, sans-serif; line-height: 18px; text-align: justify;\"><span style=\"font-size: 14px;\">\u00c1vila resalt\u00f3 el compromiso del Gobierno, a trav\u00e9s del Minjus, de asegurar la alimentaci\u00f3n de los ni\u00f1os y adolescentes, cuyos padres se encuentran separados, asegurando de esta manera el futuro de los m\u00e1s peque\u00f1os.<\/span><\/p>\n<p style=\"padding: 0px; margin: 0px 0px 1.5em; color: rgb(51, 51, 51); font-family: Arial, Helvetica, sans-serif; line-height: 18px; text-align: justify;\"><span style=\"font-size: 14px;\">El viceministro estuvo acompa\u00f1a del presidente de la Corte Superior de Justicia del Callao, C\u00e9sar Casta\u00f1eda Serrano y del director de Defensa P\u00fablica, Ernesto Lechuga Pino.<\/span><\/p>\n<p style=\"padding: 0px; margin: 0px 0px 1.5em; text-align: justify;\"><font color=\"#333333\" face=\"Arial, Helvetica, sans-serif\"><span style=\"line-height: 18px;\">Fuente: minjus.gob.pe<\/span><\/font><\/p>\n<p><a href=\"http:\/\/web.hilo.org.pe\/wp-content\/uploads\/minjus.jpg\" target=\"_blank\" rel=\"noopener\">Ver archivo adjunto<\/a><\/p>\n","protected":false},"excerpt":{"rendered":"<p>Por segundo a?o consecutivo y cumpliendo la pol?tica de defensa legal de los m?s necesitados, el Ministerio de Justicia y Derechos Humanos (Minjus), a trav?s de la Direcci?n de Defensa P?blica, emprendi? la ?Campa?a Nacional de Pensi?n de Alimentos?, con el fin de apoyar legalmente a los menores cuyos padres no cumplen con cubrir sus vestidos, alimentaci?n y estudios.<\/p>\n","protected":false},"author":1,"featured_media":7953,"comment_status":"closed","ping_status":"closed","sticky":false,"template":"","format":"standard","meta":{"footnotes":""},"categories":[9],"tags":[],"class_list":["post-1770","post","type-post","status-publish","format-standard","has-post-thumbnail","hentry","category-noticias"],"_links":{"self":[{"href":"https:\/\/ceas.org.pe\/index.php\/wp-json\/wp\/v2\/posts\/1770","targetHints":{"allow":["GET"]}}],"collection":[{"href":"https:\/\/ceas.org.pe\/index.php\/wp-json\/wp\/v2\/posts"}],"about":[{"href":"https:\/\/ceas.org.pe\/index.php\/wp-json\/wp\/v2\/types\/post"}],"author":[{"embeddable":true,"href":"https:\/\/ceas.org.pe\/index.php\/wp-json\/wp\/v2\/users\/1"}],"replies":[{"embeddable":true,"href":"https:\/\/ceas.org.pe\/index.php\/wp-json\/wp\/v2\/comments?post=1770"}],"version-history":[{"count":1,"href":"https:\/\/ceas.org.pe\/index.php\/wp-json\/wp\/v2\/posts\/1770\/revisions"}],"predecessor-version":[{"id":7448,"href":"https:\/\/ceas.org.pe\/index.php\/wp-json\/wp\/v2\/posts\/1770\/revisions\/7448"}],"wp:featuredmedia":[{"embeddable":true,"href":"https:\/\/ceas.org.pe\/index.php\/wp-json\/wp\/v2\/media\/7953"}],"wp:attachment":[{"href":"https:\/\/ceas.org.pe\/index.php\/wp-json\/wp\/v2\/media?parent=1770"}],"wp:term":[{"taxonomy":"category","embeddable":true,"href":"https:\/\/ceas.org.pe\/index.php\/wp-json\/wp\/v2\/categories?post=1770"},{"taxonomy":"post_tag","embeddable":true,"href":"https:\/\/ceas.org.pe\/index.php\/wp-json\/wp\/v2\/tags?post=1770"}],"curies":[{"name":"wp","href":"https:\/\/api.w.org\/{rel}","templated":true}]}}