{"id":1766,"date":"2014-04-09T10:38:59","date_gmt":"2014-04-09T10:38:59","guid":{"rendered":""},"modified":"2026-03-11T09:12:23","modified_gmt":"2026-03-11T14:12:23","slug":"el-papa-comienza-un-nuevo-ciclo-de-catequesis-sobre-los-dones-del-esporitu-santo","status":"publish","type":"post","link":"https:\/\/ceas.org.pe\/index.php\/2014\/04\/09\/el-papa-comienza-un-nuevo-ciclo-de-catequesis-sobre-los-dones-del-esporitu-santo\/","title":{"rendered":"El Papa comienza un nuevo ciclo de catequesis sobre los dones del Esp\u00f3ritu Santo"},"content":{"rendered":"<p><span style=\"color: rgb(38, 38, 38); text-align: justify;\">Francisco comienza as\u00ed\u00a0<\/span><b style=\"color: rgb(38, 38, 38); text-align: justify;\"><span style=\"border:none windowtext 1.0pt;mso-border-alt:none windowtext 0cm;\npadding:0cm\">un nuevo ciclo de catequesis sobre los siete dones del Esp\u00edritu Santo<\/span><\/b><span style=\"color: rgb(38, 38, 38); text-align: justify;\">: sabidur\u00eda, inteligencia, consejo, fortaleza, ciencia, piedad y temor de Dios.<\/span><\/p>\n<p class=\"MsoNormal\" style=\"margin-bottom: 0.0001pt; text-align: justify; vertical-align: top; background-position: initial initial; background-repeat: initial initial;\"><b><span style=\"mso-fareast-font-family:\"Times New Roman\";mso-bidi-font-family:Arial;\ncolor:#262626;border:none windowtext 1.0pt;mso-border-alt:none windowtext 0cm;\npadding:0cm;mso-fareast-language:ES-PE\"><br \/>\nRESUMEN DE LA CATEQUESIS DEL PAPA<\/span><\/b><span style=\"mso-fareast-font-family:\n\"Times New Roman\";mso-bidi-font-family:Arial;color:#262626;mso-fareast-language:\nES-PE\"><o:p><\/o:p><\/span><\/p>\n<p class=\"MsoNormal\" style=\"margin-bottom: 0.0001pt; text-align: justify; vertical-align: top; background-position: initial initial; background-repeat: initial initial;\"><i><span style=\"mso-fareast-font-family:\"Times New Roman\";mso-bidi-font-family:Arial;\ncolor:#262626;border:none windowtext 1.0pt;mso-border-alt:none windowtext 0cm;\npadding:0cm;mso-fareast-language:ES-PE\">Queridos hermanos y hermanas:<\/span><\/i><span style=\"mso-fareast-font-family:\"Times New Roman\";mso-bidi-font-family:Arial;\ncolor:#262626;mso-fareast-language:ES-PE\"><o:p><\/o:p><\/span><\/p>\n<p class=\"MsoNormal\" style=\"margin-bottom: 0.0001pt; text-align: justify; vertical-align: top; background-position: initial initial; background-repeat: initial initial;\"><i><span style=\"mso-fareast-font-family:\"Times New Roman\";mso-bidi-font-family:Arial;\ncolor:#262626;border:none windowtext 1.0pt;mso-border-alt:none windowtext 0cm;\npadding:0cm;mso-fareast-language:ES-PE\">Comenzamos hoy una nueva serie de catequesis dedicadas a los siete dones del Esp\u00edritu Santo.\u00a0<\/span><\/i><span style=\"mso-fareast-font-family:\"Times New Roman\";mso-bidi-font-family:Arial;\ncolor:#262626;mso-fareast-language:ES-PE\"><o:p><\/o:p><\/span><\/p>\n<p class=\"MsoNormal\" style=\"margin-bottom: 0.0001pt; text-align: justify; vertical-align: top; background-position: initial initial; background-repeat: initial initial;\"><i><span style=\"mso-fareast-font-family:\"Times New Roman\";mso-bidi-font-family:Arial;\ncolor:#262626;border:none windowtext 1.0pt;mso-border-alt:none windowtext 0cm;\npadding:0cm;mso-fareast-language:ES-PE\">El primer don es el de la sabidur\u00eda. \u00c9sta no es fruto del conocimiento y la experiencia humana, sino que consiste en una luz interior que s\u00f3lo puede dar el Esp\u00edritu Santo y que nos hace capaces de reconocer la huella de Dios en nuestra vida y en la historia. Esta sabidur\u00eda nace de la intimidad con Dios y hace del cristiano un contemplativo: todo le habla de Dios y todo lo ve como un signo de su amor y un motivo para dar gracias. Esto no significa que el cristiano tenga una respuesta para cada cosa, sino que tiene como el \u00abgusto\u201d y el \u00absabor\u201d de Dios, de tal manera que en su coraz\u00f3n y en su vida todo habla de Dios.\u00a0<\/span><\/i><span style=\"mso-fareast-font-family:\"Times New Roman\";mso-bidi-font-family:Arial;\ncolor:#262626;mso-fareast-language:ES-PE\"><o:p><\/o:p><\/span><\/p>\n<p class=\"MsoNormal\" style=\"margin-bottom: 0.0001pt; text-align: justify; vertical-align: top; background-position: initial initial; background-repeat: initial initial;\"><i><span style=\"mso-fareast-font-family:\"Times New Roman\";mso-bidi-font-family:Arial;\ncolor:#262626;border:none windowtext 1.0pt;mso-border-alt:none windowtext 0cm;\npadding:0cm;mso-fareast-language:ES-PE\">Tambi\u00e9n nosotros tenemos que preguntarnos si nuestra vida tiene el sabor del Evangelio; si los dem\u00e1s perciben que somos hombres y mujeres de Dios; si es el Esp\u00edritu Santo el que mueve nuestra vida o son en cambio nuestras ideas o prop\u00f3sitos. Qu\u00e9 importante es que en nuestras comunidades haya cristianos que, d\u00f3ciles al Esp\u00edritu Santo, tengan experiencia de las cosas de Dios y comuniquen a los dem\u00e1s su dulzura y amor.\u00a0<\/span><\/i><span style=\"mso-fareast-font-family:\n\"Times New Roman\";mso-bidi-font-family:Arial;color:#262626;mso-fareast-language:\nES-PE\"><o:p><\/o:p><\/span><\/p>\n<p class=\"MsoNormal\" style=\"margin-bottom: 0.0001pt; text-align: justify; vertical-align: top; background-position: initial initial; background-repeat: initial initial;\"><i><span style=\"mso-fareast-font-family:\"Times New Roman\";mso-bidi-font-family:Arial;\ncolor:#262626;border:none windowtext 1.0pt;mso-border-alt:none windowtext 0cm;\npadding:0cm;mso-fareast-language:ES-PE\">Saludo con afecto a los peregrinos de lengua espa\u00f1ola, en particular a los grupos venidos de Espa\u00f1a, M\u00e9xico, Costa Rica, Argentina y otros pa\u00edses.\u00a0<\/span><\/i><span style=\"mso-fareast-font-family:\n\"Times New Roman\";mso-bidi-font-family:Arial;color:#262626;mso-fareast-language:\nES-PE\"><o:p><\/o:p><\/span><\/p>\n<p class=\"MsoNormal\" style=\"margin-bottom: 0.0001pt; text-align: justify; vertical-align: top; background-position: initial initial; background-repeat: initial initial;\"><i><span style=\"mso-fareast-font-family:\"Times New Roman\";mso-bidi-font-family:Arial;\ncolor:#262626;border:none windowtext 1.0pt;mso-border-alt:none windowtext 0cm;\npadding:0cm;mso-fareast-language:ES-PE\">Invito a todos a intensificar la preparaci\u00f3n espiritual de las pr\u00f3ximas fiestas de la pascua del Se\u00f1or, para que la acci\u00f3n del Esp\u00edritu Santo produzca en nosotros frutos de verdadera conversi\u00f3n y santidad. Que Dios les bendiga. Muchas gracias.\u00a0<\/span><\/i><span style=\"mso-fareast-font-family:\"Times New Roman\";\nmso-bidi-font-family:Arial;color:#262626;mso-fareast-language:ES-PE\"><o:p><\/o:p><\/span><\/p>\n<p class=\"MsoNormal\">\u00a0<\/p>\n<p class=\"MsoNormal\">Tomado de Rome Reports del 09\/04\/14<\/p>\n<p><a href=\"http:\/\/web.hilo.org.pe\/wp-content\/uploads\/7 DONES.jpg\" target=\"_blank\" rel=\"noopener\">Ver archivo adjunto<\/a><\/p>\n","protected":false},"excerpt":{"rendered":"<p>En la Audiencia General del mi?rcoles, el Papa Francisco describi? al Esp?ritu Santo como un \u00abdon de Dios? que trae comuni?n, y explic? que para ver con los ojos de Dios es necesario recibir su sabidur?a.<\/p>\n","protected":false},"author":1,"featured_media":7874,"comment_status":"closed","ping_status":"closed","sticky":false,"template":"","format":"standard","meta":{"footnotes":""},"categories":[9],"tags":[],"class_list":["post-1766","post","type-post","status-publish","format-standard","has-post-thumbnail","hentry","category-noticias"],"_links":{"self":[{"href":"https:\/\/ceas.org.pe\/index.php\/wp-json\/wp\/v2\/posts\/1766","targetHints":{"allow":["GET"]}}],"collection":[{"href":"https:\/\/ceas.org.pe\/index.php\/wp-json\/wp\/v2\/posts"}],"about":[{"href":"https:\/\/ceas.org.pe\/index.php\/wp-json\/wp\/v2\/types\/post"}],"author":[{"embeddable":true,"href":"https:\/\/ceas.org.pe\/index.php\/wp-json\/wp\/v2\/users\/1"}],"replies":[{"embeddable":true,"href":"https:\/\/ceas.org.pe\/index.php\/wp-json\/wp\/v2\/comments?post=1766"}],"version-history":[{"count":1,"href":"https:\/\/ceas.org.pe\/index.php\/wp-json\/wp\/v2\/posts\/1766\/revisions"}],"predecessor-version":[{"id":7452,"href":"https:\/\/ceas.org.pe\/index.php\/wp-json\/wp\/v2\/posts\/1766\/revisions\/7452"}],"wp:featuredmedia":[{"embeddable":true,"href":"https:\/\/ceas.org.pe\/index.php\/wp-json\/wp\/v2\/media\/7874"}],"wp:attachment":[{"href":"https:\/\/ceas.org.pe\/index.php\/wp-json\/wp\/v2\/media?parent=1766"}],"wp:term":[{"taxonomy":"category","embeddable":true,"href":"https:\/\/ceas.org.pe\/index.php\/wp-json\/wp\/v2\/categories?post=1766"},{"taxonomy":"post_tag","embeddable":true,"href":"https:\/\/ceas.org.pe\/index.php\/wp-json\/wp\/v2\/tags?post=1766"}],"curies":[{"name":"wp","href":"https:\/\/api.w.org\/{rel}","templated":true}]}}