{"id":1761,"date":"2014-04-08T09:31:36","date_gmt":"2014-04-08T09:31:36","guid":{"rendered":""},"modified":"2026-03-11T09:12:23","modified_gmt":"2026-03-11T14:12:23","slug":"papa-convoca-a-conferencia-interncional-contra-trofico-de-personas","status":"publish","type":"post","link":"https:\/\/ceas.org.pe\/index.php\/2014\/04\/08\/papa-convoca-a-conferencia-interncional-contra-trofico-de-personas\/","title":{"rendered":"Papa convoca a conferencia interncional contra tr\u00f3fico de personas"},"content":{"rendered":"<p>\u00a0Francisco avanza contra los flagelos m\u00e1s sensibles y ahora convoc\u00f3 en el Vaticano para el 9 y 10 de abril a una conferencia internacional para luchar contra el tr\u00e1fico de seres humanos. La misma se har\u00e1 con responsables de las fuerzas del orden de unos 20 pa\u00edses para examinar los avances en la lucha contra el tr\u00e1fico de personas.<\/p>\n<div>\u00a0<\/div>\n<div>Seg\u00fan las cifras de la Oorganizaci\u00f3n Internacional del Trabajo (OIT), el tr\u00e1fico ilegal de seres humanos genera ganancias por 32.000 millones de d\u00f3lares al a\u00f1o y afecta a un promedio anual de 2,4 millones de personas.<\/div>\n<div>\u00a0<\/div>\n<div>La conferencia, organizada por los obispos brit\u00e1nicos, se celebrar\u00e1 en la Academia Pontificia para las Ciencias, dentro del Vaticano.<\/div>\n<div>\u00a0<\/div>\n<div>El papa, hijo de inmigrantes italianos, es muy sensible al tema y en varias ocasiones ha condenado esa forma de \u00abesclavitud moderna\u00bb que afecta tanto a regiones pobres y subdesarrolladas como a los pa\u00edses ricos.<\/div>\n<div>\u00a0<\/div>\n<div>Junto con los dirigentes de Interpol y de Europol participar\u00e1n importantes personalidades de la Iglesia cat\u00f3lica provenientes de los pa\u00edses m\u00e1s afectados por el fen\u00f3meno, como el cardenal africano John Onaiyekan, as\u00ed como v\u00edctimas del tr\u00e1fico de seres humanos.<\/div>\n<div>\u00a0<\/div>\n<div>En un informe reciente de la ONU sobre el tr\u00e1fico de seres humanos, la organizaci\u00f3n reconoci\u00f3 que el fen\u00f3meno se ha agravado a partir del a\u00f1o 2000 debido a los efectos de la globalizaci\u00f3n.<\/div>\n<div>\u00a0<\/div>\n<div>(RD\/Agencias)<\/div>\n<p><a href=\"http:\/\/web.hilo.org.pe\/wp-content\/uploads\/bergoglio.jpg\" target=\"_blank\" rel=\"noopener\">Ver archivo adjunto<\/a><\/p>\n","protected":false},"excerpt":{"rendered":"<p>Francisco avanza contra los flagelos m?s sensibles y ahora convoc? en el Vaticano para el 9 y 10 de abril a una conferencia internacional para luchar contra el tr?fico de seres humanos. La misma se har? con responsables de las fuerzas del orden de unos 20 pa?ses para examinar los avances en la lucha contra el tr?fico de personas.<\/p>\n","protected":false},"author":1,"featured_media":5502,"comment_status":"closed","ping_status":"closed","sticky":false,"template":"","format":"standard","meta":{"footnotes":""},"categories":[9],"tags":[],"class_list":["post-1761","post","type-post","status-publish","format-standard","has-post-thumbnail","hentry","category-noticias"],"_links":{"self":[{"href":"https:\/\/ceas.org.pe\/index.php\/wp-json\/wp\/v2\/posts\/1761","targetHints":{"allow":["GET"]}}],"collection":[{"href":"https:\/\/ceas.org.pe\/index.php\/wp-json\/wp\/v2\/posts"}],"about":[{"href":"https:\/\/ceas.org.pe\/index.php\/wp-json\/wp\/v2\/types\/post"}],"author":[{"embeddable":true,"href":"https:\/\/ceas.org.pe\/index.php\/wp-json\/wp\/v2\/users\/1"}],"replies":[{"embeddable":true,"href":"https:\/\/ceas.org.pe\/index.php\/wp-json\/wp\/v2\/comments?post=1761"}],"version-history":[{"count":1,"href":"https:\/\/ceas.org.pe\/index.php\/wp-json\/wp\/v2\/posts\/1761\/revisions"}],"predecessor-version":[{"id":7457,"href":"https:\/\/ceas.org.pe\/index.php\/wp-json\/wp\/v2\/posts\/1761\/revisions\/7457"}],"wp:featuredmedia":[{"embeddable":true,"href":"https:\/\/ceas.org.pe\/index.php\/wp-json\/wp\/v2\/media\/5502"}],"wp:attachment":[{"href":"https:\/\/ceas.org.pe\/index.php\/wp-json\/wp\/v2\/media?parent=1761"}],"wp:term":[{"taxonomy":"category","embeddable":true,"href":"https:\/\/ceas.org.pe\/index.php\/wp-json\/wp\/v2\/categories?post=1761"},{"taxonomy":"post_tag","embeddable":true,"href":"https:\/\/ceas.org.pe\/index.php\/wp-json\/wp\/v2\/tags?post=1761"}],"curies":[{"name":"wp","href":"https:\/\/api.w.org\/{rel}","templated":true}]}}