{"id":1760,"date":"2014-04-07T09:50:22","date_gmt":"2014-04-07T09:50:22","guid":{"rendered":""},"modified":"2026-03-11T09:12:23","modified_gmt":"2026-03-11T14:12:23","slug":"odec-realiza-capacitacion-a-docentes-de-educacion-religiosa","status":"publish","type":"post","link":"https:\/\/ceas.org.pe\/index.php\/2014\/04\/07\/odec-realiza-capacitacion-a-docentes-de-educacion-religiosa\/","title":{"rendered":"ODEC realiza capacitaci\u00f3n a docentes de educaci\u00f3n religiosa"},"content":{"rendered":"<div style=\"color: rgb(34, 34, 34); font-family: arial, sans-serif; font-size: 13px;\">La Oficina Nacional de Educaci\u00f3n Cat\u00f3lica de la Comisi\u00f3n Episcopal de Educaci\u00f3n y Cultura contin\u00faa su labor evangelizadora. As\u00ed, algunos coordinadores visitaron la Arquidi\u00f3cesis de Ayacucho, acompa\u00f1ados de Monse\u00f1or Salvador Pi\u00f1eiro, capacitando a los nuevos docentes en el nuevo marco curricular y Rutas de Aprendizaje de Educaci\u00f3n Religiosa.<\/div>\n<div style=\"color: rgb(34, 34, 34); font-family: arial, sans-serif; font-size: 13px;\">\u00a0<\/div>\n<div style=\"color: rgb(34, 34, 34); font-family: arial, sans-serif; font-size: 13px;\">Esta capacitaci\u00f3n pone de relieve la necesidad de desarrollar la inteligencia espiritual que nos permite vivir la trascendencia de ser hijos de Dios y por tanto herederos de las promesas de Nuestro Se\u00f1or Jesucristo.\u00a0<\/div>\n<div style=\"color: rgb(34, 34, 34); font-family: arial, sans-serif; font-size: 13px;\">\u00a0<\/div>\n<div style=\"color: rgb(34, 34, 34); font-family: arial, sans-serif; font-size: 13px;\">En este mismo marco de acci\u00f3n tambi\u00e9n se han desarrollado capacitaciones en las jurisdicciones eclesi\u00e1sticas de Huacho, Puerto Maldonado y Lur\u00edn, teniendo un total de m\u00e1s de 281 profesores, directores y coordinadores de las respectivas di\u00f3cesis.<\/div>\n<div style=\"color: rgb(34, 34, 34); font-family: arial, sans-serif; font-size: 13px;\">\u00a0<\/div>\n<div style=\"color: rgb(34, 34, 34); font-family: arial, sans-serif; font-size: 13px;\">(Fuente: CEP)\u00a0<\/div>\n<p><a href=\"http:\/\/web.hilo.org.pe\/wp-content\/uploads\/logo odec.jpg\" target=\"_blank\" rel=\"noopener\">Ver archivo adjunto<\/a><\/p>\n","protected":false},"excerpt":{"rendered":"<p>La Oficina Nacional de Educaci?n Cat?lica de la Comisi?n Episcopal de Educaci?n y Cultura contin?a su labor evangelizadora. As?, algunos coordinadores visitaron la Arquidi?cesis de Ayacucho, acompa?ados de Monse?or Salvador Pi?eiro, capacitando a los nuevos docentes en el nuevo marco curricular y Rutas de Aprendizaje de Educaci?n Religiosa.<\/p>\n","protected":false},"author":1,"featured_media":7943,"comment_status":"closed","ping_status":"closed","sticky":false,"template":"","format":"standard","meta":{"footnotes":""},"categories":[9],"tags":[],"class_list":["post-1760","post","type-post","status-publish","format-standard","has-post-thumbnail","hentry","category-noticias"],"_links":{"self":[{"href":"https:\/\/ceas.org.pe\/index.php\/wp-json\/wp\/v2\/posts\/1760","targetHints":{"allow":["GET"]}}],"collection":[{"href":"https:\/\/ceas.org.pe\/index.php\/wp-json\/wp\/v2\/posts"}],"about":[{"href":"https:\/\/ceas.org.pe\/index.php\/wp-json\/wp\/v2\/types\/post"}],"author":[{"embeddable":true,"href":"https:\/\/ceas.org.pe\/index.php\/wp-json\/wp\/v2\/users\/1"}],"replies":[{"embeddable":true,"href":"https:\/\/ceas.org.pe\/index.php\/wp-json\/wp\/v2\/comments?post=1760"}],"version-history":[{"count":1,"href":"https:\/\/ceas.org.pe\/index.php\/wp-json\/wp\/v2\/posts\/1760\/revisions"}],"predecessor-version":[{"id":7458,"href":"https:\/\/ceas.org.pe\/index.php\/wp-json\/wp\/v2\/posts\/1760\/revisions\/7458"}],"wp:featuredmedia":[{"embeddable":true,"href":"https:\/\/ceas.org.pe\/index.php\/wp-json\/wp\/v2\/media\/7943"}],"wp:attachment":[{"href":"https:\/\/ceas.org.pe\/index.php\/wp-json\/wp\/v2\/media?parent=1760"}],"wp:term":[{"taxonomy":"category","embeddable":true,"href":"https:\/\/ceas.org.pe\/index.php\/wp-json\/wp\/v2\/categories?post=1760"},{"taxonomy":"post_tag","embeddable":true,"href":"https:\/\/ceas.org.pe\/index.php\/wp-json\/wp\/v2\/tags?post=1760"}],"curies":[{"name":"wp","href":"https:\/\/api.w.org\/{rel}","templated":true}]}}