{"id":1757,"date":"2014-04-04T10:39:41","date_gmt":"2014-04-04T10:39:41","guid":{"rendered":""},"modified":"2026-03-11T09:12:23","modified_gmt":"2026-03-11T14:12:23","slug":"un-camino-profotico-entre-las-editoriales-catolicas","status":"publish","type":"post","link":"https:\/\/ceas.org.pe\/index.php\/2014\/04\/04\/un-camino-profotico-entre-las-editoriales-catolicas\/","title":{"rendered":"Un camino prof\u00f3tico entre las Editoriales Cat\u00f3licas"},"content":{"rendered":"<p>\u00a0Representantes Directores de algunas editoriales cat\u00f3licas de Am\u00e9rica Latina fueron convocados por el CELAM para iniciar un camino de comuni\u00f3n y participaci\u00f3n, mediante un conocimiento mutuo, redescubriendo la identidad de cada uno y constatar c\u00f3mo la misi\u00f3n editorial hoy, pasa por cambios, desaf\u00edos e incidencias especialmente en el \u00e1mbito eclesial y tecnol\u00f3gico.<\/p>\n<div>\u00a0<\/div>\n<div>En este contexto, escuchamos algunos mensajes del papa Francisco a los comunicadores, lo cual, gener\u00f3 en los participantes una invitaci\u00f3n a la comuni\u00f3n y al di\u00e1logo, ya que compartimos los mismos escenarios de una realidad que interpela y mueve a interpretar las exigencias de nuestro tiempo, como el brindar el pan editado a los pobres, que tienen hambre de leer en sus contextos cotidianos el mensaje desde las periferias existenciales de cada hombre y mujer de hoy; entre nosotros se constat\u00f3 una convergencia del ejercicio ministerial y carism\u00e1tico en el don recibido.<\/div>\n<div>\u00a0<\/div>\n<div>Al concluir este encuentro, los participantes, con el \u00e1nimo de involucrar a muchos otros editores en este camino de comuni\u00f3n, quieren continuar profundizando una espiritualidad prof\u00e9tica, en el compartir experiencias y proyectos comunes. El pr\u00f3ximo encuentro ser\u00e1 a comienzos del a\u00f1o 2015, fecha en la cual los editores cat\u00f3licos de Am\u00e9rica latina dar\u00e1n un paso adelante en este camino de comuni\u00f3n.<\/div>\n<div>\u00a0<\/div>\n<div>Un Gracias al CELAM por este espacio, y a todas aquellas personas que creen que es posible la com\u00fan uni\u00f3n en este campo de la comunicaci\u00f3n.\u00a0<\/div>\n<div>\u00a0<\/div>\n<div><strong>Galer\u00edas de Fotos:<\/strong> \u00b7<a href=\"http:\/\/www.celam.org\/noticelam\/Images\/img_noticias\/galerias\/galeria.php?url=Gale_5321f562ae8e1\" target=\"_blank\"> Un camino prof\u00e9tico entre las Editoriales Cat\u00f3licas<\/a><\/div>\n<div>\u00a0<\/div>\n<div>Fuente: celam.org<\/div>\n<div>\u00a0<\/div>\n<p><a href=\"http:\/\/web.hilo.org.pe\/wp-content\/uploads\/editoriales.jpg\" target=\"_blank\" rel=\"noopener\">Ver archivo adjunto<\/a><\/p>\n","protected":false},"excerpt":{"rendered":"<p>Representantes Directores de algunas editoriales cat?licas de Am?rica Latina fueron convocados por el CELAM para iniciar un camino de comuni?n y participaci?n, mediante un conocimiento mutuo, redescubriendo la identidad de cada uno y constatar c?mo la misi?n editorial hoy, pasa por cambios, desaf?os e incidencias especialmente en el ?mbito eclesial y tecnol?gico.<\/p>\n","protected":false},"author":1,"featured_media":7949,"comment_status":"closed","ping_status":"closed","sticky":false,"template":"","format":"standard","meta":{"footnotes":""},"categories":[9],"tags":[],"class_list":["post-1757","post","type-post","status-publish","format-standard","has-post-thumbnail","hentry","category-noticias"],"_links":{"self":[{"href":"https:\/\/ceas.org.pe\/index.php\/wp-json\/wp\/v2\/posts\/1757","targetHints":{"allow":["GET"]}}],"collection":[{"href":"https:\/\/ceas.org.pe\/index.php\/wp-json\/wp\/v2\/posts"}],"about":[{"href":"https:\/\/ceas.org.pe\/index.php\/wp-json\/wp\/v2\/types\/post"}],"author":[{"embeddable":true,"href":"https:\/\/ceas.org.pe\/index.php\/wp-json\/wp\/v2\/users\/1"}],"replies":[{"embeddable":true,"href":"https:\/\/ceas.org.pe\/index.php\/wp-json\/wp\/v2\/comments?post=1757"}],"version-history":[{"count":1,"href":"https:\/\/ceas.org.pe\/index.php\/wp-json\/wp\/v2\/posts\/1757\/revisions"}],"predecessor-version":[{"id":7463,"href":"https:\/\/ceas.org.pe\/index.php\/wp-json\/wp\/v2\/posts\/1757\/revisions\/7463"}],"wp:featuredmedia":[{"embeddable":true,"href":"https:\/\/ceas.org.pe\/index.php\/wp-json\/wp\/v2\/media\/7949"}],"wp:attachment":[{"href":"https:\/\/ceas.org.pe\/index.php\/wp-json\/wp\/v2\/media?parent=1757"}],"wp:term":[{"taxonomy":"category","embeddable":true,"href":"https:\/\/ceas.org.pe\/index.php\/wp-json\/wp\/v2\/categories?post=1757"},{"taxonomy":"post_tag","embeddable":true,"href":"https:\/\/ceas.org.pe\/index.php\/wp-json\/wp\/v2\/tags?post=1757"}],"curies":[{"name":"wp","href":"https:\/\/api.w.org\/{rel}","templated":true}]}}