{"id":1754,"date":"2014-04-07T09:43:39","date_gmt":"2014-04-07T09:43:39","guid":{"rendered":""},"modified":"2026-03-11T09:12:23","modified_gmt":"2026-03-11T14:12:23","slug":"el-ministerio-de-cultura-y-wwf-suscriben-convenio-para-proteger-a-los-pueblos-indogenas-en-situacion","status":"publish","type":"post","link":"https:\/\/ceas.org.pe\/index.php\/2014\/04\/07\/el-ministerio-de-cultura-y-wwf-suscriben-convenio-para-proteger-a-los-pueblos-indogenas-en-situacion\/","title":{"rendered":"El Ministerio de Cultura y WWF suscriben convenio para proteger a los pueblos ind\u00f3genas en situaci\u00f3n"},"content":{"rendered":"<p>\u00a0En el marco del acuerdo se establecer\u00e1n mecanismos para implementar programas que beneficien a las poblaciones ind\u00edgenas.<\/p>\n<div>El Ministerio de Cultura y el World Wildlife Fund (WWF) suscribieron el viernes 4 de abril un Convenio de Cooperaci\u00f3n Interinstitucional, con el objetivo de establecer mecanismos e instrumentos de colaboraci\u00f3n, para promover actividades conjuntas dirigidas a la formulaci\u00f3n e implementaci\u00f3n de programas, proyectos, actividades de investigaci\u00f3n, capacitaci\u00f3n, difusi\u00f3n y sensibilizaci\u00f3n en materia de pueblos ind\u00edgenas en situaci\u00f3n de aislamiento y contacto inicial (PIACI), mediante el trabajo conjunto con las organizaciones ind\u00edgenas de las zonas.<\/div>\n<div>\u00a0<\/div>\n<div>A la ceremonia oficial de suscripci\u00f3n del acuerdo asistieron la Viceministra de Interculturalidad, Patricia Balbuena; la representante en el Per\u00fa de WWF, Mar\u00eda Patricia Le\u00f3n Melgar Delgado, el Director de los Pueblos en Aislamiento y Contacto Inicial, Juan Ram\u00f3n Rivero y el Secretario General del Ministerio de Cultura, Mario Huerta Rodr\u00edguez.<\/div>\n<div>\u00a0<\/div>\n<div>Durante la exposici\u00f3n, la Viceministra destac\u00f3 que la suscripci\u00f3n del acuerdo es el resultado de un trabajo que se ha venido coordinando desde octubre de 2013 a trav\u00e9s del Viceministerio de Interculturalidad (VMI), como parte de una pol\u00edtica de fortalecimiento de la participaci\u00f3n de la sociedad civil involucrada en la protecci\u00f3n y defensa de los derechos de los PIACI, de acuerdo a la normativa vigente.<\/div>\n<div>\u00a0<\/div>\n<div>El WWF lidera el consorcio de cooperaci\u00f3n internacional que ejecuta el proyecto ICAA II- Corredor de Conservaci\u00f3n Pur\u00fas \u2013 Manu. La Iniciativa para la Conservaci\u00f3n en la Amazon\u00eda Andina- ICAA es un programa de la Agencia de los Estados Unidos para el Desarrollo Internacional (USAID), cuyo objetivo es fomentar y fortalecer la conservaci\u00f3n de la Amazon\u00eda Andina en Bolivia, Ecuador, Colombia y Per\u00fa.<\/div>\n<div>\u00a0<\/div>\n<div>Fuente: cultura.gob.pe<\/div>\n<p><a href=\"http:\/\/web.hilo.org.pe\/wp-content\/uploads\/convenio.jpg\" target=\"_blank\" rel=\"noopener\">Ver archivo adjunto<\/a><\/p>\n","protected":false},"excerpt":{"rendered":"<p>En el marco del acuerdo se establecer?n mecanismos para implementar programas que beneficien a las poblaciones ind?genas.<\/p>\n","protected":false},"author":1,"featured_media":7901,"comment_status":"closed","ping_status":"closed","sticky":false,"template":"","format":"standard","meta":{"footnotes":""},"categories":[9],"tags":[],"class_list":["post-1754","post","type-post","status-publish","format-standard","has-post-thumbnail","hentry","category-noticias"],"_links":{"self":[{"href":"https:\/\/ceas.org.pe\/index.php\/wp-json\/wp\/v2\/posts\/1754","targetHints":{"allow":["GET"]}}],"collection":[{"href":"https:\/\/ceas.org.pe\/index.php\/wp-json\/wp\/v2\/posts"}],"about":[{"href":"https:\/\/ceas.org.pe\/index.php\/wp-json\/wp\/v2\/types\/post"}],"author":[{"embeddable":true,"href":"https:\/\/ceas.org.pe\/index.php\/wp-json\/wp\/v2\/users\/1"}],"replies":[{"embeddable":true,"href":"https:\/\/ceas.org.pe\/index.php\/wp-json\/wp\/v2\/comments?post=1754"}],"version-history":[{"count":1,"href":"https:\/\/ceas.org.pe\/index.php\/wp-json\/wp\/v2\/posts\/1754\/revisions"}],"predecessor-version":[{"id":7460,"href":"https:\/\/ceas.org.pe\/index.php\/wp-json\/wp\/v2\/posts\/1754\/revisions\/7460"}],"wp:featuredmedia":[{"embeddable":true,"href":"https:\/\/ceas.org.pe\/index.php\/wp-json\/wp\/v2\/media\/7901"}],"wp:attachment":[{"href":"https:\/\/ceas.org.pe\/index.php\/wp-json\/wp\/v2\/media?parent=1754"}],"wp:term":[{"taxonomy":"category","embeddable":true,"href":"https:\/\/ceas.org.pe\/index.php\/wp-json\/wp\/v2\/categories?post=1754"},{"taxonomy":"post_tag","embeddable":true,"href":"https:\/\/ceas.org.pe\/index.php\/wp-json\/wp\/v2\/tags?post=1754"}],"curies":[{"name":"wp","href":"https:\/\/api.w.org\/{rel}","templated":true}]}}