{"id":1753,"date":"2014-04-04T11:11:18","date_gmt":"2014-04-04T11:11:18","guid":{"rendered":""},"modified":"2026-03-11T09:12:23","modified_gmt":"2026-03-11T14:12:23","slug":"loderes-de-coritas-se-unen-para-vencer-la-batalla-contra-el-hambre-para-el-aoo-2025","status":"publish","type":"post","link":"https:\/\/ceas.org.pe\/index.php\/2014\/04\/04\/loderes-de-coritas-se-unen-para-vencer-la-batalla-contra-el-hambre-para-el-aoo-2025\/","title":{"rendered":"L\u00f3deres de C\u00f3ritas se unen para vencer la batalla contra el hambre para el a\u00f3o 2025"},"content":{"rendered":"<p>\u00a0Expertos de Caritas de todo el mundo se reunieron a esta semana en Roma para discutir sobre la forma de acabar con el hambre para el a\u00f1o 2025. En el encuentro se elaboraron estrategias en torno a la Campa\u00f1a Mundial de Caritas \u00abUna familia humana, alimetos para todos\u00bb.<\/p>\n<p>Los participantes discutieron sobre los diversos retos que enfrenta el mundo para reducir el hambre, entre los cuales se encuentran temas como el de los derechos de las semillas, los suicidios de agricultores debido a la deuda, \u00a0la manera como se usa el alimento para la corrupci\u00f3n del voto, los programas de alimentaci\u00f3n escolar para los ni\u00f1os desnutridos , entre otros.<\/p>\n<div>\u00abTodos los a\u00f1os, las personas pasan hambre en mi pa\u00eds\u00bb, dijo Carsterns Mulume , Director Nacional de Caritas Malawi \/ CADECOM . \u00abComo pa\u00eds, producimos una gran cantidad de alimentos. Pero a nivel individual, algunas personas no tienen que comer. Hay sufrimiento en una tierra de abundancia\u201d .<\/div>\n<div>\u00a0<\/div>\n<div>Los participantes de la reuni\u00f3n aprendieron m\u00e1s sobre las Directrices voluntarias de la Organizaci\u00f3n para la Agricultura y la Alimentaci\u00f3n de las Naciones Unidas que apoya el derecho a la alimentaci\u00f3n. Tambi\u00e9n discutieron las leyes de algunos pa\u00edses que orientan las pol\u00edticas sobre el hambre, como los programas en India para dar alimentaci\u00f3n gratuita para los ni\u00f1os, y el efecto de la distribuci\u00f3n de alimentos en las econom\u00edas agr\u00edcolas.<\/div>\n<div>\u00a0<\/div>\n<div>El mi\u00e9rcoles, el informe de C\u00e1ritas \u00abLo que significa el cambio clim\u00e1tico para la alimentaci\u00f3n del planeta \u201c, se puso de relieve en un evento al que asistieron los participantes del encuentro \u00bb Alimentos para todos \u00ab, el personal de las embajadas ante la Santa Sede , as\u00ed como representantes de organizaciones no gubernamentales . \u00abEl clima tiene un fuerte impacto en la seguridad alimentaria, y por lo tanto afecta a las necesidades fundamentales de las personas\u00bb, dijo Michel Roy, Secretario General de Caritas Internationalis. Roy dijo que el apoyo a la agricultura familiar de peque\u00f1a escala as\u00ed como el apoyo para la adaptaci\u00f3n de las comunidades al cambio clim\u00e1tico es crucial.<\/div>\n<div>\u00bb El cambio clim\u00e1tico es un riesgo real para nosotros. Somos islas bajas \u00bb , dijo Amelia Maafu de Caritas Tonga en Ocean\u00eda. \u00bb Algunas de las islas se est\u00e1n hundiendo . \u00ab<\/div>\n<div>\u00a0<\/div>\n<div>En el encuentro \u00bb Alimentos para todos \u00bb se est\u00e1n compartiendo las mejores pr\u00e1cticas para la reducci\u00f3n del hambre, as\u00ed como la sensibilizaci\u00f3n de las cuestiones jur\u00eddicas y morales que afectan al derecho a la alimentaci\u00f3n en todo el mundo. \u00abNo podemos descansar cuando a uno de nuestros hermanos, o hermanas, le hace falta la comida \u00ab, dice Martina Liebsch, directora de Incidencia Pol\u00edtica de Caritas Internationalis. \u00bb En el mundo se ha reducido significativamente el hambre en los \u00faltimos 20 a\u00f1os, pero millones de personas todav\u00eda van a dormir con hambre. Tenemos que hacer m\u00e1s para alimentar a los m\u00e1s peque\u00f1os\u201d.<\/div>\n<div>\u00a0<\/div>\n<div>\u00a0Fuente: Oficina de Comunicaciones de Caritas Internacionalis.<\/div>\n<p><a href=\"http:\/\/web.hilo.org.pe\/wp-content\/uploads\/caritas.jpg\" target=\"_blank\" rel=\"noopener\">Ver archivo adjunto<\/a><\/p>\n","protected":false},"excerpt":{"rendered":"<p>Expertos de Caritas de todo el mundo se reunieron a esta semana en Roma para discutir sobre la forma de acabar con el hambre para el a?o 2025. En el encuentro se elaboraron estrategias en torno a la Campa?a Mundial de Caritas \u00abUna familia humana, alimentos para todos\u00bb.<\/p>\n","protected":false},"author":1,"featured_media":7910,"comment_status":"closed","ping_status":"closed","sticky":false,"template":"","format":"standard","meta":{"footnotes":""},"categories":[9],"tags":[],"class_list":["post-1753","post","type-post","status-publish","format-standard","has-post-thumbnail","hentry","category-noticias"],"_links":{"self":[{"href":"https:\/\/ceas.org.pe\/index.php\/wp-json\/wp\/v2\/posts\/1753","targetHints":{"allow":["GET"]}}],"collection":[{"href":"https:\/\/ceas.org.pe\/index.php\/wp-json\/wp\/v2\/posts"}],"about":[{"href":"https:\/\/ceas.org.pe\/index.php\/wp-json\/wp\/v2\/types\/post"}],"author":[{"embeddable":true,"href":"https:\/\/ceas.org.pe\/index.php\/wp-json\/wp\/v2\/users\/1"}],"replies":[{"embeddable":true,"href":"https:\/\/ceas.org.pe\/index.php\/wp-json\/wp\/v2\/comments?post=1753"}],"version-history":[{"count":1,"href":"https:\/\/ceas.org.pe\/index.php\/wp-json\/wp\/v2\/posts\/1753\/revisions"}],"predecessor-version":[{"id":7461,"href":"https:\/\/ceas.org.pe\/index.php\/wp-json\/wp\/v2\/posts\/1753\/revisions\/7461"}],"wp:featuredmedia":[{"embeddable":true,"href":"https:\/\/ceas.org.pe\/index.php\/wp-json\/wp\/v2\/media\/7910"}],"wp:attachment":[{"href":"https:\/\/ceas.org.pe\/index.php\/wp-json\/wp\/v2\/media?parent=1753"}],"wp:term":[{"taxonomy":"category","embeddable":true,"href":"https:\/\/ceas.org.pe\/index.php\/wp-json\/wp\/v2\/categories?post=1753"},{"taxonomy":"post_tag","embeddable":true,"href":"https:\/\/ceas.org.pe\/index.php\/wp-json\/wp\/v2\/tags?post=1753"}],"curies":[{"name":"wp","href":"https:\/\/api.w.org\/{rel}","templated":true}]}}