{"id":1752,"date":"2014-04-02T09:26:46","date_gmt":"2014-04-02T09:26:46","guid":{"rendered":""},"modified":"2026-03-11T09:12:24","modified_gmt":"2026-03-11T14:12:24","slug":"iglesia-pobre-entre-los-pobres","status":"publish","type":"post","link":"https:\/\/ceas.org.pe\/index.php\/2014\/04\/02\/iglesia-pobre-entre-los-pobres\/","title":{"rendered":"Iglesia pobre entre los pobres"},"content":{"rendered":"<p>\u00a0El Papa Francisco dialog\u00f3 con los pobres de una villa miseria de Buenos Aires sobre la presencia concreta de la Iglesia en medio de los marginados. Lo hizo respondiendo a las preguntas en una entrevista, concedida en v\u00eddeo, a la radio FM 88.1 que transmite desde Bajo Flores.<\/p>\n<div>\u00a0<\/div>\n<div>As\u00ed, en la capital argentina, el jueves 13 de marzo, por la tarde, en el aniversario de su elecci\u00f3n al Pontificado, los habitantes de la villa miseria 1.11.14 \u2013precisamente en el barrio de Bajo Flores, que tiene su coraz\u00f3n en la parroquia Madre del Pueblo\u2013 escucharon la entrevista.<\/div>\n<div>\u00a0<\/div>\n<div>La extensa reflexi\u00f3n del Papa se centr\u00f3 exclusivamente en la Iglesia, el Evangelio, los pobres y la pobreza. El Papa Francisco reflexion\u00f3 acerca del trabajo pastoral de los curas villeros, los sacerdotes que trabajan en las periferias entre los m\u00e1s pobres. De manera especial el Papa Bergoglio, justamente refiri\u00e9ndose a la situaci\u00f3n de los barrios m\u00e1s pobres, destac\u00f3 la importancia de la educaci\u00f3n de los j\u00f3venes y del acompa\u00f1amiento en su crecimiento. Al insistir en el hecho de cu\u00e1nto hacen los sacerdotes en las villas miseria \u00abno es algo ideol\u00f3gico sino una misi\u00f3n apost\u00f3lica\u00bb.<\/div>\n<div>\u00a0<\/div>\n<div>El Papa Francisco record\u00f3 tambi\u00e9n lo que en el pasado se dijo al respecto de estos sacerdotes. Y explic\u00f3 que \u00abno eran comunistas\u00bb, sino \u00abgrandes sacerdotes que luchaban por la vida: trabajaban para llevar la Palabra de Dios a los marginados. Eran \u2013a\u00f1adi\u00f3\u2013 sacerdotes que escuchaban al pueblo de Dios y luchaban por la justicia\u00bb. El Pont\u00edfice indic\u00f3 tambi\u00e9n la necesidad de \u00abtener una actitud de pobreza, de servicio, de ayuda a los dem\u00e1s\u00bb pero al mismo tiempo es necesario \u00abdejarse ayudar por los dem\u00e1s, porque tenemos necesidad los unos de los otros\u00bb.<\/div>\n<div>\u00a0<\/div>\n<div>Fuente: osservatoreromano.va<\/div>\n<p><a href=\"http:\/\/web.hilo.org.pe\/wp-content\/uploads\/iglesia.jpg\" target=\"_blank\" rel=\"noopener\">Ver archivo adjunto<\/a><\/p>\n","protected":false},"excerpt":{"rendered":"<p>El Papa Francisco dialog? con los pobres de una villa miseria de Buenos Aires sobre la presencia concreta de la Iglesia en medio de los marginados. Lo hizo respondiendo a las preguntas en una entrevista, concedida en v?deo, a la radio FM 88.1 que transmite desde Bajo Flores.<\/p>\n","protected":false},"author":1,"featured_media":7857,"comment_status":"closed","ping_status":"closed","sticky":false,"template":"","format":"standard","meta":{"footnotes":""},"categories":[9],"tags":[],"class_list":["post-1752","post","type-post","status-publish","format-standard","has-post-thumbnail","hentry","category-noticias"],"_links":{"self":[{"href":"https:\/\/ceas.org.pe\/index.php\/wp-json\/wp\/v2\/posts\/1752","targetHints":{"allow":["GET"]}}],"collection":[{"href":"https:\/\/ceas.org.pe\/index.php\/wp-json\/wp\/v2\/posts"}],"about":[{"href":"https:\/\/ceas.org.pe\/index.php\/wp-json\/wp\/v2\/types\/post"}],"author":[{"embeddable":true,"href":"https:\/\/ceas.org.pe\/index.php\/wp-json\/wp\/v2\/users\/1"}],"replies":[{"embeddable":true,"href":"https:\/\/ceas.org.pe\/index.php\/wp-json\/wp\/v2\/comments?post=1752"}],"version-history":[{"count":1,"href":"https:\/\/ceas.org.pe\/index.php\/wp-json\/wp\/v2\/posts\/1752\/revisions"}],"predecessor-version":[{"id":7468,"href":"https:\/\/ceas.org.pe\/index.php\/wp-json\/wp\/v2\/posts\/1752\/revisions\/7468"}],"wp:featuredmedia":[{"embeddable":true,"href":"https:\/\/ceas.org.pe\/index.php\/wp-json\/wp\/v2\/media\/7857"}],"wp:attachment":[{"href":"https:\/\/ceas.org.pe\/index.php\/wp-json\/wp\/v2\/media?parent=1752"}],"wp:term":[{"taxonomy":"category","embeddable":true,"href":"https:\/\/ceas.org.pe\/index.php\/wp-json\/wp\/v2\/categories?post=1752"},{"taxonomy":"post_tag","embeddable":true,"href":"https:\/\/ceas.org.pe\/index.php\/wp-json\/wp\/v2\/tags?post=1752"}],"curies":[{"name":"wp","href":"https:\/\/api.w.org\/{rel}","templated":true}]}}