{"id":1750,"date":"2014-04-03T09:26:50","date_gmt":"2014-04-03T09:26:50","guid":{"rendered":""},"modified":"2026-03-11T09:12:23","modified_gmt":"2026-03-11T14:12:23","slug":"implementaron-bibliotecas-ambientales-fluviales-en-ucayali-con-apoyo-del-minam","status":"publish","type":"post","link":"https:\/\/ceas.org.pe\/index.php\/2014\/04\/03\/implementaron-bibliotecas-ambientales-fluviales-en-ucayali-con-apoyo-del-minam\/","title":{"rendered":"Implementaron Bibliotecas Ambientales Fluviales en Ucayali con apoyo del MINAM"},"content":{"rendered":"<p>Como parte de las acciones del Ministerio del Ambiente (MINAM) para lograr una progresiva difusi\u00f3n de informaci\u00f3n, investigaci\u00f3n, educaci\u00f3n y cultura ambiental, un grupo de representantes de la Direcci\u00f3n General de Investigaci\u00f3n e Informaci\u00f3n Ambiental del MINAM se reuni\u00f3 con los jefes de las comunidades nativas de la Regi\u00f3n Ucayali.<\/p>\n<div>\u00a0<\/div>\n<div>D\u00edas atr\u00e1s, llegaron a Lima los encargados de implementar estas salas de lectura en las comunidades de Dos de Mayo, Puerto Nuevo, Nuevo Nazareth, Nuevo Ahuaypa y Nuevo Para\u00edso. Durante esta cita, se estableci\u00f3 la necesidad de realizar capacitaciones que sirvan de introducci\u00f3n al manejo y organizaci\u00f3n de colecciones de bibliotecas, con el fin de fortalecer los conocimientos de los encargados de esta implementaci\u00f3n y que pueda ser replicado en sus comunidades. \u00a0Asimismo, se les entreg\u00f3 un donativo de la producci\u00f3n bibliogr\u00e1fica del MINAM (libros, revistas y folletos), adem\u00e1s de mochilas y bolsas elaboradas con material reciclado.<\/div>\n<div>\u00a0<\/div>\n<div>Este tipo de actividades permite a las comunidades acceder a informaci\u00f3n de calidad y tomar decisiones adecuadas respecto al cuidado y conservaci\u00f3n del medio ambiente, fortaleciendo la participaci\u00f3n ciudadana, la justicia ambiental y, de igual manera, la pol\u00edtica de inclusi\u00f3n social.<\/div>\n<div>\u00a0<\/div>\n<div>Fuente: minam.gob.pe<\/div>\n<p><a href=\"http:\/\/web.hilo.org.pe\/wp-content\/uploads\/minam.jpg\" target=\"_blank\" rel=\"noopener\">Ver archivo adjunto<\/a><\/p>\n","protected":false},"excerpt":{"rendered":"<p>Como parte de las acciones del Ministerio del Ambiente (MINAM) para lograr una progresiva difusi?n de informaci?n, investigaci?n, educaci?n y cultura ambiental, un grupo de representantes de la Direcci?n General de Investigaci?n e Informaci?n Ambiental del MINAM se reuni? con los jefes de las comunidades nativas de la Regi?n Ucayali.<\/p>\n","protected":false},"author":1,"featured_media":7915,"comment_status":"closed","ping_status":"closed","sticky":false,"template":"","format":"standard","meta":{"footnotes":""},"categories":[9],"tags":[],"class_list":["post-1750","post","type-post","status-publish","format-standard","has-post-thumbnail","hentry","category-noticias"],"_links":{"self":[{"href":"https:\/\/ceas.org.pe\/index.php\/wp-json\/wp\/v2\/posts\/1750","targetHints":{"allow":["GET"]}}],"collection":[{"href":"https:\/\/ceas.org.pe\/index.php\/wp-json\/wp\/v2\/posts"}],"about":[{"href":"https:\/\/ceas.org.pe\/index.php\/wp-json\/wp\/v2\/types\/post"}],"author":[{"embeddable":true,"href":"https:\/\/ceas.org.pe\/index.php\/wp-json\/wp\/v2\/users\/1"}],"replies":[{"embeddable":true,"href":"https:\/\/ceas.org.pe\/index.php\/wp-json\/wp\/v2\/comments?post=1750"}],"version-history":[{"count":1,"href":"https:\/\/ceas.org.pe\/index.php\/wp-json\/wp\/v2\/posts\/1750\/revisions"}],"predecessor-version":[{"id":7465,"href":"https:\/\/ceas.org.pe\/index.php\/wp-json\/wp\/v2\/posts\/1750\/revisions\/7465"}],"wp:featuredmedia":[{"embeddable":true,"href":"https:\/\/ceas.org.pe\/index.php\/wp-json\/wp\/v2\/media\/7915"}],"wp:attachment":[{"href":"https:\/\/ceas.org.pe\/index.php\/wp-json\/wp\/v2\/media?parent=1750"}],"wp:term":[{"taxonomy":"category","embeddable":true,"href":"https:\/\/ceas.org.pe\/index.php\/wp-json\/wp\/v2\/categories?post=1750"},{"taxonomy":"post_tag","embeddable":true,"href":"https:\/\/ceas.org.pe\/index.php\/wp-json\/wp\/v2\/tags?post=1750"}],"curies":[{"name":"wp","href":"https:\/\/api.w.org\/{rel}","templated":true}]}}