{"id":1747,"date":"2014-03-31T09:21:10","date_gmt":"2014-03-31T09:21:10","guid":{"rendered":""},"modified":"2026-03-11T09:12:24","modified_gmt":"2026-03-11T14:12:24","slug":"chiclayo-taller-de-capacitacion-en-pastoral-de-la-movilidad-humana-y-trata-de-personas","status":"publish","type":"post","link":"https:\/\/ceas.org.pe\/index.php\/2014\/03\/31\/chiclayo-taller-de-capacitacion-en-pastoral-de-la-movilidad-humana-y-trata-de-personas\/","title":{"rendered":"Chiclayo: taller de capacitaci\u00f3n en pastoral de la movilidad humana y trata de personas"},"content":{"rendered":"<div>Actualmente, nuestro pa\u00eds tiene m\u00e1s de tres millones de compatriotas viviendo en el exterior, muchos de ellos se encuentran en situaci\u00f3n irregular. Por ello, la Pastoral de Movilidad Humana de la Conferencia Episcopal Peruana viene desarrollando en varias di\u00f3cesis el Proyecto \u201cFortalecimiento de la Pastoral de Movilidad Humana en Per\u00fa\u201d.<\/div>\n<div>\u00a0<\/div>\n<div>As\u00ed, del viernes 28 al domingo 30 de marzo se realiza esta capacitaci\u00f3n en la Di\u00f3cesis de Chiclayo con 40 agentes pastorales de diversas parroquias de la jurisdicci\u00f3n eclesi\u00e1stica, y donde se tocan temas de c\u00f3mo organizar esta pastoral en las parroquias, la realidad migratoria, la trata de personas, entre otros temas de importancia.\u00a0<\/div>\n<div>\u00a0<\/div>\n<div>El Proyecto de la Pastoral de Movilidad Humana tambi\u00e9n busca organizar esta pastoral en las Di\u00f3cesis de Ica y Huancayo. El objetivo es promover la pastoral a nivel nacional, como respuesta a las diversas realidades de la migraci\u00f3n que se vive en nuestro pa\u00eds, como por ejemplo la emigraci\u00f3n interna del campo a la ciudad por el creciente desarrollo industrial y comercial; el aumento del delito de tr\u00e1fico de migrantes y de trata de personas con fines de explotaci\u00f3n sexual y laboral; las diversas realidades que atraviesan los solicitantes de refugio en Per\u00fa y los que est\u00e1n de paso por nuestro pa\u00eds; los problemas que surgen con los menores de edad cuyos padres han emigrado, etc.; son realidades que interpelan a todos y que requieren una respuesta integral desde todos los sectores de la sociedad peruana.<\/div>\n<p><a href=\"http:\/\/web.hilo.org.pe\/wp-content\/uploads\/TRATA.jpg\" target=\"_blank\" rel=\"noopener\">Ver archivo adjunto<\/a><\/p>\n","protected":false},"excerpt":{"rendered":"<p>Actualmente, nuestro pa?s tiene m?s de tres millones de compatriotas viviendo en el exterior, muchos de ellos se encuentran en situaci?n irregular. Por ello, la Pastoral de Movilidad Humana de la Conferencia Episcopal Peruana viene desarrollando en varias di?cesis el Proyecto ?Fortalecimiento de la Pastoral de Movilidad Humana en Per??. (Foto: web-zac.com)<\/p>\n","protected":false},"author":1,"featured_media":7895,"comment_status":"closed","ping_status":"closed","sticky":false,"template":"","format":"standard","meta":{"footnotes":""},"categories":[9],"tags":[],"class_list":["post-1747","post","type-post","status-publish","format-standard","has-post-thumbnail","hentry","category-noticias"],"_links":{"self":[{"href":"https:\/\/ceas.org.pe\/index.php\/wp-json\/wp\/v2\/posts\/1747","targetHints":{"allow":["GET"]}}],"collection":[{"href":"https:\/\/ceas.org.pe\/index.php\/wp-json\/wp\/v2\/posts"}],"about":[{"href":"https:\/\/ceas.org.pe\/index.php\/wp-json\/wp\/v2\/types\/post"}],"author":[{"embeddable":true,"href":"https:\/\/ceas.org.pe\/index.php\/wp-json\/wp\/v2\/users\/1"}],"replies":[{"embeddable":true,"href":"https:\/\/ceas.org.pe\/index.php\/wp-json\/wp\/v2\/comments?post=1747"}],"version-history":[{"count":1,"href":"https:\/\/ceas.org.pe\/index.php\/wp-json\/wp\/v2\/posts\/1747\/revisions"}],"predecessor-version":[{"id":7471,"href":"https:\/\/ceas.org.pe\/index.php\/wp-json\/wp\/v2\/posts\/1747\/revisions\/7471"}],"wp:featuredmedia":[{"embeddable":true,"href":"https:\/\/ceas.org.pe\/index.php\/wp-json\/wp\/v2\/media\/7895"}],"wp:attachment":[{"href":"https:\/\/ceas.org.pe\/index.php\/wp-json\/wp\/v2\/media?parent=1747"}],"wp:term":[{"taxonomy":"category","embeddable":true,"href":"https:\/\/ceas.org.pe\/index.php\/wp-json\/wp\/v2\/categories?post=1747"},{"taxonomy":"post_tag","embeddable":true,"href":"https:\/\/ceas.org.pe\/index.php\/wp-json\/wp\/v2\/tags?post=1747"}],"curies":[{"name":"wp","href":"https:\/\/api.w.org\/{rel}","templated":true}]}}