{"id":1737,"date":"2014-03-25T09:17:30","date_gmt":"2014-03-25T09:17:30","guid":{"rendered":""},"modified":"2026-03-11T09:12:24","modified_gmt":"2026-03-11T14:12:24","slug":"pronunciamiento-de-los-obispos-bolivianos-sobre-el-aborto-la-vida-es-el-mayor-don-de-dios","status":"publish","type":"post","link":"https:\/\/ceas.org.pe\/index.php\/2014\/03\/25\/pronunciamiento-de-los-obispos-bolivianos-sobre-el-aborto-la-vida-es-el-mayor-don-de-dios\/","title":{"rendered":"Pronunciamiento de los obispos bolivianos sobre el aborto: La vida es el mayor don de Dios"},"content":{"rendered":"<p>Mons. Eugenio Scarpellini, secretario general de la CEB (centro), P. Jos\u00e9 Fuentes, secretario general adjunto de la CEB (derecha), Dra. Susana Inch, asesora legal CEB (izquierda) hicieron la presentaci\u00f3n del texto ante la opini\u00f3n p\u00fablica.<\/p>\n<div>\u00a0<\/div>\n<div>\u00a0<\/div>\n<div>A continuaci\u00f3n reproducimos completo el texto del pronunciamiento que fija la posici\u00f3n de la Conferencia Episcopal Boliviana ante el fallo del Tribunal Constitucional Plurinacional acerca del aborto:<\/div>\n<div>\u00a0<\/div>\n<div><strong>LA VIDA ES EL MAYOR DON DE DIOS<\/strong><\/div>\n<div>\u00a0<\/div>\n<div>Los obispos de Bolivia, ante la sentencia del Tribunal Constitucional Plurinacional, S.C.P. 0206\/2014 (5.02.14) publicada oficialmente el d\u00eda lunes 24 de febrero, consideramos fundamental compartir con la poblaci\u00f3n creyente boliviana y con todos los ciudadanos, los motivos y principios que gu\u00edan a la Iglesia Cat\u00f3lica en este tema tan delicado.<\/div>\n<div>\u00a0<\/div>\n<div>Reconocemos que el Tribunal Constitucional Plurinacional ha sentado jurisprudencia constitucional, estableciendo expresamente el RECONOCIMIENTO LEGAL del DERECHO A LA VIDA establecido en la Constituci\u00f3n Pol\u00edtica del Estado, como parte de los derechos fundamentales de todas las personas, sin distinci\u00f3n alguna, ni por raza, color, edad, etc.<\/div>\n<div>\u00a0<\/div>\n<div>Entendemos que en dicha sentencia se reconoce el respeto a la vida desde el momento de la concepci\u00f3n, en coincidencia con los principios de la doctrina cristiana y de toda cultura y concepci\u00f3n religiosa presentes en el mundo.<\/div>\n<div>\u00a0<\/div>\n<div>En coherencia con este reconocimiento, llamamos al \u00d3rgano Ejecutivo, en especial al Ministerio de Salud, a eliminar del sistema de salud la p\u00edldora del d\u00eda despu\u00e9s que en ning\u00fan caso puede considerarse un anticonceptivo, sino que tiene caracter\u00edsticas abortivas en clara contradicci\u00f3n con la sentencia.<\/div>\n<div>\u00a0<\/div>\n<div>Lamentamos que el fallo, al eliminar la necesidad de sentencia judicial para los casos de delitos sexuales: violaci\u00f3n, rapto, estupro e incesto, abre posibilidades que si no son reglamentadas de forma clara dar\u00e1n lugar a la legalizaci\u00f3n de facto del aborto.<\/div>\n<div>\u00a0<\/div>\n<div>Ponemos especial \u00e9nfasis en que no puede entenderse que, a partir de la publicaci\u00f3n del fallo puedan realizarse abortos en el marco de la impunidad, cuando se tratare de un embarazo resultante de una violaci\u00f3n o si corriera peligro la vida de la madre, porque esta pr\u00e1ctica, que de cualquier manera LA IGLESIA RECHAZA ENF\u00c1TICAMENTE POR SER CONTRARIA AL DERECHO A LA VIDA, SIN DISTINCI\u00d3N, debe ser regulada y normada debidamente, evitando excesos y arbitrariedades. Realizar abortos \u00aba sola presentaci\u00f3n de una denuncia\u00bb ser\u00eda, en este momento, someterse a procesos penales.<\/div>\n<div>\u00a0<\/div>\n<div>Recordamos a todos los creyentes que atentar contra la vida concebida es una grav\u00edsima falta moral, aun en los casos en que pueda ser legal. El comportamiento moral obliga en conciencia, aunque la ley no lo haga. Jes\u00fas en el evangelio, no s\u00f3lo nos recuerda el precepto de no matar, sino que incluso lo radicaliza: \u00abHan o\u00eddo que se dijo a los antepasados: \u00abno matar\u00e1s\u00bb y cualquiera que cometa homicidio ser\u00e1 culpable ante el tribunal, Pero yo les digo que todo aquel que se encolerice con su hermano ser\u00e1 culpable ante el tribunal&#8230;\u00bb Mt 5, 21-22. Por ello solicitamos expresamente el reconocimiento del derecho a la objeci\u00f3n de conciencia para los m\u00e9dicos y personal sanitario, en todos los casos.<\/div>\n<div>\u00a0<\/div>\n<div>Afirmamos que la vida humana es independiente de las condiciones, tantas veces violentas y fruto del pecado y la maldad, en las que haya podido ser concebida. Por ello debe ser protegida siempre como don de Dios y valor absoluto. Adem\u00e1s el aborto no resuelve el trauma de una violaci\u00f3n u otra acci\u00f3n violenta, sino que lo empeora, llevando a la madre a verdaderas situaciones sin salida.<\/div>\n<div>\u00a0<\/div>\n<div>Confiamos que la recomendaci\u00f3n realizada por el Tribunal Constitucional Plurinacional con referencia a normar los derechos sexuales y reproductivos, ser\u00e1 asumida por los asamble\u00edstas respetando el derecho a la vida y los derechos humanos universales, expresamente reconocidos por la Constituci\u00f3n Pol\u00edtica del Estado.<\/div>\n<div>\u00a0<\/div>\n<div>Nos reafirmamos en nuestra postura de defensa de la vida, ya que \u00abCristo ha venido para que tengan vida y la tengan en abundancia\u00bb Jn 10,10<\/div>\n<div>\u00a0<\/div>\n<div>Que la Madre de Jes\u00fas. Mar\u00eda Sant\u00edsima, la siempre protectora de la vida, nos haga sensibles al valor m\u00e1s grande del ser humano.<\/div>\n<div>\u00a0<\/div>\n<div>Los Obispos de Bolivia<\/div>\n<div>\u00a0<\/div>\n<div>Marzo 2014<\/div>\n<div>\u00a0<\/div>\n<div>\u00a0<\/div>\n<div><strong>VIRGINIA BONARD<\/strong><\/div>\n<div><strong>FUENTE: Conferencia Episcopal Boliviana\u00a0<\/strong><\/div>\n<div>\u00a0<\/div>\n<p><a href=\"http:\/\/web.hilo.org.pe\/wp-content\/uploads\/obispos.jpg\" target=\"_blank\" rel=\"noopener\">Ver archivo adjunto<\/a><\/p>\n","protected":false},"excerpt":{"rendered":"<p>Mons. Eugenio Scarpellini, secretario general de la CEB (centro), P. Jos? Fuentes, secretario general adjunto de la CEB (derecha), Dra. Susana Inch, asesora legal CEB (izquierda) hicieron la presentaci?n del texto ante la opini?n p?blica.<\/p>\n","protected":false},"author":1,"featured_media":7854,"comment_status":"closed","ping_status":"closed","sticky":false,"template":"","format":"standard","meta":{"footnotes":""},"categories":[9],"tags":[],"class_list":["post-1737","post","type-post","status-publish","format-standard","has-post-thumbnail","hentry","category-noticias"],"_links":{"self":[{"href":"https:\/\/ceas.org.pe\/index.php\/wp-json\/wp\/v2\/posts\/1737","targetHints":{"allow":["GET"]}}],"collection":[{"href":"https:\/\/ceas.org.pe\/index.php\/wp-json\/wp\/v2\/posts"}],"about":[{"href":"https:\/\/ceas.org.pe\/index.php\/wp-json\/wp\/v2\/types\/post"}],"author":[{"embeddable":true,"href":"https:\/\/ceas.org.pe\/index.php\/wp-json\/wp\/v2\/users\/1"}],"replies":[{"embeddable":true,"href":"https:\/\/ceas.org.pe\/index.php\/wp-json\/wp\/v2\/comments?post=1737"}],"version-history":[{"count":1,"href":"https:\/\/ceas.org.pe\/index.php\/wp-json\/wp\/v2\/posts\/1737\/revisions"}],"predecessor-version":[{"id":7481,"href":"https:\/\/ceas.org.pe\/index.php\/wp-json\/wp\/v2\/posts\/1737\/revisions\/7481"}],"wp:featuredmedia":[{"embeddable":true,"href":"https:\/\/ceas.org.pe\/index.php\/wp-json\/wp\/v2\/media\/7854"}],"wp:attachment":[{"href":"https:\/\/ceas.org.pe\/index.php\/wp-json\/wp\/v2\/media?parent=1737"}],"wp:term":[{"taxonomy":"category","embeddable":true,"href":"https:\/\/ceas.org.pe\/index.php\/wp-json\/wp\/v2\/categories?post=1737"},{"taxonomy":"post_tag","embeddable":true,"href":"https:\/\/ceas.org.pe\/index.php\/wp-json\/wp\/v2\/tags?post=1737"}],"curies":[{"name":"wp","href":"https:\/\/api.w.org\/{rel}","templated":true}]}}