{"id":1734,"date":"2014-03-24T18:25:49","date_gmt":"2014-03-24T18:25:49","guid":{"rendered":""},"modified":"2026-03-11T09:12:24","modified_gmt":"2026-03-11T14:12:24","slug":"odec-capacita-a-docentes-del-interior-del-paos","status":"publish","type":"post","link":"https:\/\/ceas.org.pe\/index.php\/2014\/03\/24\/odec-capacita-a-docentes-del-interior-del-paos\/","title":{"rendered":"ODEC capacita a docentes del interior del pa\u00f3s"},"content":{"rendered":"<p>Continuando con la labor evangelizadora a trav\u00e9s de la educaci\u00f3n, la Oficina Nacional de Educaci\u00f3n Cat\u00f3lica \u2013 ONDEC, viene brindando capacitaciones a lo largo y ancho del pa\u00eds. En esta oportunidad los beneficiarios han sido los docentes, coordinadores, sacerdotes y religiosas de la Oficina Diocesana de Educaci\u00f3n Cat\u00f3lica de Sihuas, Pucallpa, Juli, Huaraz, Piura, Castrense, Uripa, Huacho, Acobamba.<\/p>\n<p>Hasta esas ciudades llegaron los especialistas de la ONDEC para dar los talleres sobre rutas de aprendizaje e inteligencia espiritual. As\u00ed tambi\u00e9n se aport\u00f3 para que iniciaran su Plan Pastoral Educativo Diocesano.<\/p>\n<div>\u00a0<\/div>\n<div>Los resultados han sido \u00f3ptimos, quedando satisfechos los participantes, lo cual se refleja en las reiteradas invitaciones para otras jornadas de capacitaci\u00f3n. Ayudar a esclarecer el rol del docente cat\u00f3lico y profundizar en el aprendizaje fundamental del \u00e1rea de Educaci\u00f3n Religiosa es la misi\u00f3n de la ONDEC. Evangelizadores constantemente evangelizados, siguiendo las huellas del Papa Francisco que pide: \u201cSalir a las periferias y hacer l\u00edo\u201d.<\/div>\n<div>\u00a0<\/div>\n<div>(Fuente: CEP)<\/div>\n<p><a href=\"http:\/\/web.hilo.org.pe\/wp-content\/uploads\/odec.jpg\" target=\"_blank\" rel=\"noopener\">Ver archivo adjunto<\/a><\/p>\n","protected":false},"excerpt":{"rendered":"<p>Continuando con la labor evangelizadora a trav?s de la educaci?n, la Oficina Nacional de Educaci?n Cat?lica ? ONDEC, viene brindando capacitaciones a lo largo y ancho del pa?s. En esta oportunidad los beneficiarios han sido los docentes, coordinadores, sacerdotes y religiosas de la Oficina Diocesana de Educaci?n Cat?lica de Sihuas, Pucallpa, Juli, Huaraz, Piura, Castrense, Uripa, Huacho, Acobamba.<\/p>\n","protected":false},"author":1,"featured_media":7943,"comment_status":"closed","ping_status":"closed","sticky":false,"template":"","format":"standard","meta":{"footnotes":""},"categories":[9],"tags":[],"class_list":["post-1734","post","type-post","status-publish","format-standard","has-post-thumbnail","hentry","category-noticias"],"_links":{"self":[{"href":"https:\/\/ceas.org.pe\/index.php\/wp-json\/wp\/v2\/posts\/1734","targetHints":{"allow":["GET"]}}],"collection":[{"href":"https:\/\/ceas.org.pe\/index.php\/wp-json\/wp\/v2\/posts"}],"about":[{"href":"https:\/\/ceas.org.pe\/index.php\/wp-json\/wp\/v2\/types\/post"}],"author":[{"embeddable":true,"href":"https:\/\/ceas.org.pe\/index.php\/wp-json\/wp\/v2\/users\/1"}],"replies":[{"embeddable":true,"href":"https:\/\/ceas.org.pe\/index.php\/wp-json\/wp\/v2\/comments?post=1734"}],"version-history":[{"count":1,"href":"https:\/\/ceas.org.pe\/index.php\/wp-json\/wp\/v2\/posts\/1734\/revisions"}],"predecessor-version":[{"id":7483,"href":"https:\/\/ceas.org.pe\/index.php\/wp-json\/wp\/v2\/posts\/1734\/revisions\/7483"}],"wp:featuredmedia":[{"embeddable":true,"href":"https:\/\/ceas.org.pe\/index.php\/wp-json\/wp\/v2\/media\/7943"}],"wp:attachment":[{"href":"https:\/\/ceas.org.pe\/index.php\/wp-json\/wp\/v2\/media?parent=1734"}],"wp:term":[{"taxonomy":"category","embeddable":true,"href":"https:\/\/ceas.org.pe\/index.php\/wp-json\/wp\/v2\/categories?post=1734"},{"taxonomy":"post_tag","embeddable":true,"href":"https:\/\/ceas.org.pe\/index.php\/wp-json\/wp\/v2\/tags?post=1734"}],"curies":[{"name":"wp","href":"https:\/\/api.w.org\/{rel}","templated":true}]}}