{"id":1726,"date":"2014-03-18T07:53:53","date_gmt":"2014-03-18T07:53:53","guid":{"rendered":""},"modified":"2026-03-11T09:12:24","modified_gmt":"2026-03-11T14:12:24","slug":"en-piura-y-tumbes-anuncian-actividades-por-doa-del-nioo-por-nacer","status":"publish","type":"post","link":"https:\/\/ceas.org.pe\/index.php\/2014\/03\/18\/en-piura-y-tumbes-anuncian-actividades-por-doa-del-nioo-por-nacer\/","title":{"rendered":"En Piura y Tumbes anuncian actividades por D\u00f3a del Ni\u00f3o por Nacer"},"content":{"rendered":"<p align=\"justify\" style=\"color: rgb(34, 34, 34); font-family: arial; font-size: small;\">Bajo el lema \u201cMi vida est\u00e1 en tus manos\u201d, se llev\u00f3 a cabo en la Parroquia \u201cSant\u00edsimo Sacramento\u201d de Piura, la presentaci\u00f3n de las actividades que se realizar\u00e1n en la Arquidi\u00f3cesis, con ocasi\u00f3n de celebrarse el \u201cD\u00eda del Ni\u00f1o por Nacer\u201d, este 25 de marzo. La presentaci\u00f3n estuvo a cargo de Monse\u00f1or Jos\u00e9 Antonio Eguren Anselmi, Arzobispo de Piura y Tumbes, del Dr. Jos\u00e9 Luis Mej\u00eda, Secretario Ejecutivo de Diacon\u00eda para la Justicia y la Paz, y el Padre Jos\u00e9 Guillermo Uhen.\u00a0<\/p>\n<p>Durante su intervenci\u00f3n Monse\u00f1or Eguren hizo referencia a la Exhortaci\u00f3n Apost\u00f3lica del Papa Francisco, Evangelii gaudium (nn. 213-214), donde nos recuerda que todos los cristianos estamos llamados a cuidar a los m\u00e1s fr\u00e1giles de la tierra: \u201cEntre esos d\u00e9biles, que la Iglesia quiere cuidar con predilecci\u00f3n, est\u00e1n tambi\u00e9n\u00a0 los ni\u00f1os por nacer, que son los m\u00e1s indefensos e inocentes de todos, a quienes hoy se les quiere negar su dignidad humana en orden a hacer con ellos lo que se quiera, quit\u00e1ndoles la vida y promoviendo legislaciones para que nadie pueda impedirlo\u201d, dijo.\u00a0<\/p>\n<p>Asimismo, el Arzobispo exhort\u00f3 a los presentes a participar activamente en las actividades programadas, sobre todo en la Gran Marcha y Festival por la Vida, con la finalidad de dar a la poblaci\u00f3n un mensaje claro y fuerte en defensa de la vida, especialmente de los ni\u00f1os por nacer.<\/p>\n<p>Las actividades por el D\u00eda del Ni\u00f1o por Nacer se iniciaron el s\u00e1bado 8 de marzo, con un rezo del Rosario, en simult\u00e1neo, en los Hospitales de Piura: Jorge Re\u00e1tegui, Cayetano Heredia, Santa Rosa, Privado, Ces\u00e1mica y Militar.<\/p>\n<p>El s\u00e1bado 22 de abril se realizar\u00e1 la \u201cGran Marcha y Festival Por la Vida\u201d, la cual se iniciar\u00e1 a las 5:00 de la tarde, en cuatro puntos de concentraci\u00f3n y llegar\u00e1n al atrio de la Catedral de Piura, donde se realizar\u00e1 un Festival por la Vida, donde el Arzobispo realizar\u00e1 la tradicional bendici\u00f3n a las madres gestantes.<\/p>\n<p>Finalmente, el 23 de marzo, a las 9:00 de la ma\u00f1ana, se realizar\u00e1 la ceremonia de Izamiento del Pabell\u00f3n Nacional y el Desfile c\u00edvico militar en la Plaza de Armas de Piura, como homenaje a los ni\u00f1os por nacer y la defensa de la Vida, contando con la presencia de las autoridades locales y regionales, colegios profesionales, instituciones educativas e instituciones pro-vida.<\/p>\n<p>Asimismo, durante el mes de marzo se realizar\u00e1n conferencias descentralizadas por la Vida, con la finalidad de brindar espacios de formaci\u00f3n y reflexi\u00f3n a los j\u00f3venes de las diferentes instituciones educativas y universitarias particulares y p\u00fablicas de la ciudad. (Fuente CEP)<\/p>\n<p align=\"justify\" style=\"color: rgb(34, 34, 34); font-family: arial; font-size: small;\">\u00a0<\/p>\n<p><a href=\"http:\/\/web.hilo.org.pe\/wp-content\/uploads\/view.jpg\" target=\"_blank\" rel=\"noopener\">Ver archivo adjunto<\/a><\/p>\n","protected":false},"excerpt":{"rendered":"<p>Bajo el lema ?Mi vida est? en tus manos?, se llev? a cabo en la Parroquia ?Sant?simo Sacramento? de Piura, la presentaci?n de las actividades que se realizar?n en la Arquidi?cesis, con ocasi?n de celebrarse el ?D?a del Ni?o por Nacer?, este 25 de marzo. La presentaci?n estuvo a cargo de Monse?or Jos? Antonio Eguren Anselmi, Arzobispo de Piura y Tumbes, del Dr. Jos? Luis Mej?a, Secretario Ejecutivo de Diacon?a para la Justicia y la Paz, y el Padre Jos? Guillermo Uhen.<\/p>\n","protected":false},"author":1,"featured_media":0,"comment_status":"closed","ping_status":"closed","sticky":false,"template":"","format":"standard","meta":{"footnotes":""},"categories":[9],"tags":[],"class_list":["post-1726","post","type-post","status-publish","format-standard","hentry","category-noticias"],"_links":{"self":[{"href":"https:\/\/ceas.org.pe\/index.php\/wp-json\/wp\/v2\/posts\/1726","targetHints":{"allow":["GET"]}}],"collection":[{"href":"https:\/\/ceas.org.pe\/index.php\/wp-json\/wp\/v2\/posts"}],"about":[{"href":"https:\/\/ceas.org.pe\/index.php\/wp-json\/wp\/v2\/types\/post"}],"author":[{"embeddable":true,"href":"https:\/\/ceas.org.pe\/index.php\/wp-json\/wp\/v2\/users\/1"}],"replies":[{"embeddable":true,"href":"https:\/\/ceas.org.pe\/index.php\/wp-json\/wp\/v2\/comments?post=1726"}],"version-history":[{"count":1,"href":"https:\/\/ceas.org.pe\/index.php\/wp-json\/wp\/v2\/posts\/1726\/revisions"}],"predecessor-version":[{"id":7492,"href":"https:\/\/ceas.org.pe\/index.php\/wp-json\/wp\/v2\/posts\/1726\/revisions\/7492"}],"wp:attachment":[{"href":"https:\/\/ceas.org.pe\/index.php\/wp-json\/wp\/v2\/media?parent=1726"}],"wp:term":[{"taxonomy":"category","embeddable":true,"href":"https:\/\/ceas.org.pe\/index.php\/wp-json\/wp\/v2\/categories?post=1726"},{"taxonomy":"post_tag","embeddable":true,"href":"https:\/\/ceas.org.pe\/index.php\/wp-json\/wp\/v2\/tags?post=1726"}],"curies":[{"name":"wp","href":"https:\/\/api.w.org\/{rel}","templated":true}]}}