{"id":1725,"date":"2014-03-18T07:48:31","date_gmt":"2014-03-18T07:48:31","guid":{"rendered":""},"modified":"2026-03-11T09:12:24","modified_gmt":"2026-03-11T14:12:24","slug":"sobado-22-marzo-gran-marcha-por-la-vida-en-lima","status":"publish","type":"post","link":"https:\/\/ceas.org.pe\/index.php\/2014\/03\/18\/sobado-22-marzo-gran-marcha-por-la-vida-en-lima\/","title":{"rendered":"S\u00f3bado 22 marzo: Gran marcha por la vida en Lima"},"content":{"rendered":"<p align=\"justify\" class=\"Estilo35\" style=\"font-family: Verdana, Arial, Helvetica, sans-serif; font-size: 13px;\">Este s\u00e1bado 22 de marzo se realizar\u00e1 en la capital peruana la Gran Marcha por la Vida \u2013 Lima 2014, como una manifestaci\u00f3n p\u00fablica y pac\u00edfica de personas e instituciones para expresar decididamente la defensa de la vida desde el primer instante de la concepci\u00f3n hasta la muerte natural.\u00a0<\/p>\n<p>\u201cTodos tenemos un ni\u00f1o dentro\u201d, es el lema oficial de la Marcha por la Vida de este a\u00f1o, y se iniciar\u00e1 con una concentraci\u00f3n desde las 9:00 de la ma\u00f1ana, entre los cruces de las avenidas Brasil y Javier Prado. Desde all\u00ed, la marcha proseguir\u00e1 a lo largo de la Avenida Brasil hasta llegar al Campo de Marte, en Jes\u00fas Mar\u00eda.<\/p>\n<p>Durante el recorrido, como en a\u00f1os anteriores, participar\u00e1n miles de personas, entre j\u00f3venes, adultos, madres embarazadas y ni\u00f1os, que con pancartas, polos alusivos, y frases alentadoras celebrar\u00e1n esta fiesta de la vida.\u00a0<\/p>\n<p>La Marcha por la Vida se realiza en el marco de la celebraci\u00f3n del \u201cD\u00eda del Ni\u00f1o por Nacer\u201d, que se conmemora todos los a\u00f1os en el Per\u00fa el 25 de marzo, por la Ley N\u00b0 27654. Dicha ley est\u00e1 basada en el art\u00edculo 1\u00ba de la Constituci\u00f3n Pol\u00edtica del Per\u00fa, que se\u00f1ala que: \u201cLa defensa de la persona humana y el respeto de su dignidad son el fin supremo de la sociedad y del Estado\u201d.<\/p>\n<p>Es por ello, que para celebrar este d\u00eda todos los a\u00f1os se organiza la Marcha por la Vida, que es una fiesta donde se re\u00fanen instituciones y personas que comparten la causa de la defensa de la vida del ser m\u00e1s indefenso de todos: el ni\u00f1o por nacer. (Fuente: CEP)<\/p>\n<p align=\"justify\" class=\"Estilo35\" style=\"font-family: Verdana, Arial, Helvetica, sans-serif; font-size: 13px;\">\n\u00a0<\/p>\n<p><a href=\"http:\/\/web.hilo.org.pe\/wp-content\/uploads\/2014.jpg\" target=\"_blank\" rel=\"noopener\">Ver archivo adjunto<\/a><\/p>\n","protected":false},"excerpt":{"rendered":"<p>Este s?bado 22 de marzo se realizar? en la capital peruana la Gran Marcha por la Vida ? Lima 2014, como una manifestaci?n p?blica y pac?fica de personas e instituciones para expresar decididamente la defensa de la vida desde el primer instante de la concepci?n hasta la muerte natural.<\/p>\n","protected":false},"author":1,"featured_media":7864,"comment_status":"closed","ping_status":"closed","sticky":false,"template":"","format":"standard","meta":{"footnotes":""},"categories":[9],"tags":[],"class_list":["post-1725","post","type-post","status-publish","format-standard","has-post-thumbnail","hentry","category-noticias"],"_links":{"self":[{"href":"https:\/\/ceas.org.pe\/index.php\/wp-json\/wp\/v2\/posts\/1725","targetHints":{"allow":["GET"]}}],"collection":[{"href":"https:\/\/ceas.org.pe\/index.php\/wp-json\/wp\/v2\/posts"}],"about":[{"href":"https:\/\/ceas.org.pe\/index.php\/wp-json\/wp\/v2\/types\/post"}],"author":[{"embeddable":true,"href":"https:\/\/ceas.org.pe\/index.php\/wp-json\/wp\/v2\/users\/1"}],"replies":[{"embeddable":true,"href":"https:\/\/ceas.org.pe\/index.php\/wp-json\/wp\/v2\/comments?post=1725"}],"version-history":[{"count":1,"href":"https:\/\/ceas.org.pe\/index.php\/wp-json\/wp\/v2\/posts\/1725\/revisions"}],"predecessor-version":[{"id":7493,"href":"https:\/\/ceas.org.pe\/index.php\/wp-json\/wp\/v2\/posts\/1725\/revisions\/7493"}],"wp:featuredmedia":[{"embeddable":true,"href":"https:\/\/ceas.org.pe\/index.php\/wp-json\/wp\/v2\/media\/7864"}],"wp:attachment":[{"href":"https:\/\/ceas.org.pe\/index.php\/wp-json\/wp\/v2\/media?parent=1725"}],"wp:term":[{"taxonomy":"category","embeddable":true,"href":"https:\/\/ceas.org.pe\/index.php\/wp-json\/wp\/v2\/categories?post=1725"},{"taxonomy":"post_tag","embeddable":true,"href":"https:\/\/ceas.org.pe\/index.php\/wp-json\/wp\/v2\/tags?post=1725"}],"curies":[{"name":"wp","href":"https:\/\/api.w.org\/{rel}","templated":true}]}}