{"id":1719,"date":"2014-03-12T09:09:04","date_gmt":"2014-03-12T09:09:04","guid":{"rendered":""},"modified":"2026-03-11T09:12:24","modified_gmt":"2026-03-11T14:12:24","slug":"mujeres-indogenas-entre-las-personalidades-reconocidas-por-su-aporte-a-la-cultura-peruana","status":"publish","type":"post","link":"https:\/\/ceas.org.pe\/index.php\/2014\/03\/12\/mujeres-indogenas-entre-las-personalidades-reconocidas-por-su-aporte-a-la-cultura-peruana\/","title":{"rendered":"Mujeres ind\u00f3genas entre las personalidades reconocidas por su aporte a la cultura peruana"},"content":{"rendered":"<p>En el marco de las actividades por el D\u00eda Internacional de la Mujer, que se celebra el 8 de marzo, el Ministerio de Cultura condecor\u00f3 a 21 mujeres por su contribuci\u00f3n a la cultura peruana. Entre las laureadas estuvieron Rosa Palomino, Luzmila Chiricente y Tarcila Rivera, representantes de los pueblos originarios, de destacable trayectoria.<\/p>\n<p>Ellas fueron galardonadas con el t\u00edtulo Personalidad Meritoria, por su tenaz labor en la lucha por la defensa de los derechos de los pueblos ind\u00edgenas u originarios y el acceso a la justicia.<\/p>\n<div>Los galardones se entregaron el jueves 6 de marzo en la sede del Ministerio de Cultura. La cita llev\u00f3 por denominaci\u00f3n \u201cMujeres que aportan a la Cultura\u201d.<\/div>\n<div>\u00a0<\/div>\n<div>A continuaci\u00f3n compartimos informaci\u00f3n de las tres mujeres ind\u00edgenas galardonadas y del trabajo que han venido desarrollando, y que ha motivado su reconocimiento.<\/div>\n<div>Rosa Palomino Chahuares<\/div>\n<div>\u00a0<\/div>\n<div>Rosa Palomino Chahuares, es dirigente originaria del pueblo Aymara y activista cultural, actualmente se desempe\u00f1a como representante en Puno de la Red de Comunicadores ind\u00edgenas del Per\u00fa (REDCIP).<\/div>\n<div>\u00a0<\/div>\n<div>Ella es tambi\u00e9n presidenta de la Uni\u00f3n de Mujeres Aymaras del Abya Yala (UMA) y representante de la asociaci\u00f3n Pacha Aru.<\/div>\n<div>\u00a0<\/div>\n<div>Palomino Chahuares tiene m\u00e1s de 21 a\u00f1os de experiencia como comunicadora, y contra viento y marea ha mantenido en el aire Wi\u00f1ay Panqara (Siempre Floreciendo), programa radial en lengua aymara que se transmite una vez a la semana por Radio Pachamama.<\/div>\n<div>Sobre su experiencia ella dice: \u201cYo voy a las comunidades para que las mujeres me cuenten sus problemas, sus tristezas, sus esperanzas. Y despu\u00e9s voy a la radio y difundo lo que dicen. A veces no quieren hablar, entonces les digo cu\u00e9ntamelo cantando. Y as\u00ed lo hacen, se sienten mejor\u201d.<\/div>\n<div>\u00a0<\/div>\n<div>Tarcila Rivera Zea, natural de Ayacucho, es periodista y se desempe\u00f1a como activista por los derechos de los pueblos ind\u00edgenas. Fund\u00f3 y preside la organizaci\u00f3n Chirapaq, particip\u00f3 activamente en el proceso de formaci\u00f3n de la actual Organizaci\u00f3n Nacional de Mujeres Ind\u00edgenas Andinas y Amaz\u00f3nicas del Per\u00fa (Onamiap).<\/div>\n<div>\u00a0<\/div>\n<div>Actualmente es presidenta del Foro Internacional de Mujeres Ind\u00edgenas.<\/div>\n<div>Ella declara: \u201cSoy producto de algunos cursos de derechos humanos, que no siempre los tenemos en el Per\u00fa. En esos cursos pude encontrar la explicaci\u00f3n al sistema de exclusi\u00f3n en el que hemos estado los pueblos ind\u00edgenas, tanto las comunidades andinas como las amaz\u00f3nicas en nuestro pa\u00eds\u201d.<\/div>\n<div>Tarcila tiene experiencia en la generaci\u00f3n y gesti\u00f3n de procesos para pol\u00edticas orientadas a los pueblos ind\u00edgenas a nivel nacional e internacional, lo que motiva su participaci\u00f3n en diferentes foros y espacios pol\u00edticos en calidad de experta y consultora desde hace m\u00e1s de 15 a\u00f1os.<\/div>\n<div>\u00a0<\/div>\n<div>Luzmila Chiricente, es dirigente de la etnia ash\u00e1ninka y reconocida activista por los derechos humanos de las poblaciones amaz\u00f3nicas. Se le reconoce por haber sido una de las 40 mujeres que llegaron a ser presidentas de sus comunidades durante el conflicto armado interno.<\/div>\n<div>\u00a0<\/div>\n<div>Durante sus 25 a\u00f1os como dirigente ha ocupado diversos cargos, tales como miembro del comit\u00e9 de mujeres en la comunidad y del club de madres, presidenta de la APAFA, secretaria, vocal y finalmente presidenta de su comunidad -Cushiviani, Rio Negro, en Satipo- regi\u00f3n Jun\u00edn.<\/div>\n<div>\u00a0<\/div>\n<div>Luzmila destaca por ser una de las primeras mujeres en \u00a0ocupar cargos estrat\u00e9gicos en las organizaciones ind\u00edgenas, incentivando de esta manera la igualdad de g\u00e9nero y el empoderamiento de la mujer. Su labor se centra en lograr espacios para las mujeres ind\u00edgenas en la Selva central.<\/div>\n<div>\u00a0<\/div>\n<div>Al evento asistieron la ministra de Cultura, Diana \u00c1lvarez-Calder\u00f3n, y la viceministra de Interculturalidad, Patricia Balbuena, entre otros representantes del Ejecutivo.<\/div>\n<div>El Ministerio de Cultura tambi\u00e9n condecor\u00f3 a mujeres destacadas en el \u00e1mbito art\u00edstico, educativo, de investigaci\u00f3n y de activismo cultural y pol\u00edtico.<\/div>\n<div>\u00a0<\/div>\n<div>Entre las mujeres reconocidas en estos campos se contaron \u00a0artistas, antrop\u00f3logas, literatas, poetisas, cineastas, historiadoras, investigadoras de arte, gastronom\u00eda y m\u00fasica, todas ellas recibieron un diploma y una medalla que las reconoc\u00eda como personajes meritorios de la cultura peruana.<\/div>\n<div>\u00a0<\/div>\n<div>Fuente: servindi.org<\/div>\n<p>\u00a0<\/p>\n<p><a href=\"http:\/\/web.hilo.org.pe\/wp-content\/uploads\/personalidades.jpg\" target=\"_blank\" rel=\"noopener\">Ver archivo adjunto<\/a><\/p>\n","protected":false},"excerpt":{"rendered":"<p>En el marco de las actividades por el D?a Internacional de la Mujer, que se celebra el 8 de marzo, el Ministerio de Cultura condecor? a 21 mujeres por su contribuci?n a la cultura peruana. Entre las laureadas estuvieron Rosa Palomino, Luzmila Chiricente y Tarcila Rivera, representantes de los pueblos originarios, de destacable trayectoria.<\/p>\n","protected":false},"author":1,"featured_media":7889,"comment_status":"closed","ping_status":"closed","sticky":false,"template":"","format":"standard","meta":{"footnotes":""},"categories":[9],"tags":[],"class_list":["post-1719","post","type-post","status-publish","format-standard","has-post-thumbnail","hentry","category-noticias"],"_links":{"self":[{"href":"https:\/\/ceas.org.pe\/index.php\/wp-json\/wp\/v2\/posts\/1719","targetHints":{"allow":["GET"]}}],"collection":[{"href":"https:\/\/ceas.org.pe\/index.php\/wp-json\/wp\/v2\/posts"}],"about":[{"href":"https:\/\/ceas.org.pe\/index.php\/wp-json\/wp\/v2\/types\/post"}],"author":[{"embeddable":true,"href":"https:\/\/ceas.org.pe\/index.php\/wp-json\/wp\/v2\/users\/1"}],"replies":[{"embeddable":true,"href":"https:\/\/ceas.org.pe\/index.php\/wp-json\/wp\/v2\/comments?post=1719"}],"version-history":[{"count":1,"href":"https:\/\/ceas.org.pe\/index.php\/wp-json\/wp\/v2\/posts\/1719\/revisions"}],"predecessor-version":[{"id":7499,"href":"https:\/\/ceas.org.pe\/index.php\/wp-json\/wp\/v2\/posts\/1719\/revisions\/7499"}],"wp:featuredmedia":[{"embeddable":true,"href":"https:\/\/ceas.org.pe\/index.php\/wp-json\/wp\/v2\/media\/7889"}],"wp:attachment":[{"href":"https:\/\/ceas.org.pe\/index.php\/wp-json\/wp\/v2\/media?parent=1719"}],"wp:term":[{"taxonomy":"category","embeddable":true,"href":"https:\/\/ceas.org.pe\/index.php\/wp-json\/wp\/v2\/categories?post=1719"},{"taxonomy":"post_tag","embeddable":true,"href":"https:\/\/ceas.org.pe\/index.php\/wp-json\/wp\/v2\/tags?post=1719"}],"curies":[{"name":"wp","href":"https:\/\/api.w.org\/{rel}","templated":true}]}}