{"id":1714,"date":"2014-03-06T10:01:08","date_gmt":"2014-03-06T10:01:08","guid":{"rendered":""},"modified":"2026-03-11T09:12:24","modified_gmt":"2026-03-11T14:12:24","slug":"opon-de-tu-parteo-para-luchar-contra-el-cambio-climotico","status":"publish","type":"post","link":"https:\/\/ceas.org.pe\/index.php\/2014\/03\/06\/opon-de-tu-parteo-para-luchar-contra-el-cambio-climotico\/","title":{"rendered":"\u00f3Pon de tu parte\u00f3 para luchar contra el cambio clim\u00f3tico"},"content":{"rendered":"<p>Lima \u00a0\u201cPon de tu parte\u201d es la campa\u00f1a que durante el 2014 buscar\u00e1 reunir a los ciudadanos, empresas e instituciones comprometidas en la lucha contra el cambio clim\u00e1tico. La iniciativa es liderada por el Ministerio del Ambiente (Minam), la Fundaci\u00f3n Avina, la Sociedad Peruana de Derecho Ambiental, Ecodes, Ipes, la Municipalidad Metropolitana de Lima, Ciudad Saludable y Per\u00fa 2021.<\/p>\n<div>\u00a0<\/div>\n<div>Esta campa\u00f1a acompa\u00f1ar\u00e1 de manera protag\u00f3nica y permanente la organizaci\u00f3n de la pr\u00f3xima COP20 \u00a0de Lima, a realizarse entre el 1 y el 12 de diciembre.<\/div>\n<div>\u00a0<\/div>\n<div>Durante las \u00faltimas dos semanas, artistas como Gisella Ponce de Le\u00f3n, Jes\u00fas Alzamora y Tatiana Astengo; las deportistas Sof\u00eda Mulanovich y Vivian Baella; el chef James Berckmeyer; el grupo musical Bareto; \u00a0y el periodista deportivo Juan Carlos Orderique contaron sus \u00a0historias a trav\u00e9s de la campa\u00f1a de intriga \u201cProblemas de relaci\u00f3n.\u201d<\/div>\n<div>\u00a0<\/div>\n<div>Como explican estos personajes famosos, a trav\u00e9s de distintos videos, nuestra vida est\u00e1 definida por las relaciones que sostenemos con lo que nos rodea: pareja, familia, amigos y colegas. No obstante, existe una relaci\u00f3n a la que no le prestamos suficiente atenci\u00f3n, pese a su importancia: aquella que tenemos con el medio ambiente. Esta relaci\u00f3n necesita dedicaci\u00f3n y un real compromiso, para que resulte saludable, armoniosa y sostenible. Se necesita que todos pongamos de nuestra parte.<\/div>\n<div>\u00a0<\/div>\n<div>\u201cPon de tu parte\u201d se revelar\u00e1 oficialmente este 6 de marzo, fecha en la que se mostrar\u00e1 c\u00f3mo la lucha contra el cambio clim\u00e1tico es un tema que nos compete a todos.<\/div>\n<div>\u00a0<\/div>\n<div>COMPROMISOS<\/div>\n<div>\u00a0<\/div>\n<div>La campa\u00f1a \u201cPon de tu parte\u201d ofrecer\u00e1 a la ciudadan\u00eda la posibilidad de suscribir compromisos y la informaci\u00f3n concreta sobre c\u00f3mo llevarlos a cabo d\u00eda a d\u00eda. En total, ser\u00e1n m\u00e1s de 30 compromisos posibles que se dividen en siete temas clave: ahorro de agua, consumo responsable de energ\u00eda, biodiversidad, gesti\u00f3n de residuos s\u00f3lidos, agricultura, transporte sostenible y huella de carbono.<\/div>\n<div>\u00a0<\/div>\n<div>Esto significa que los ciudadanos podr\u00e1n comprometerse, por ejemplo, a apagar las luces cuando no las necesiten, desenchufar los artefactos que no usen, usar menos el auto, reducir el uso de papel o no usar bolsas de pl\u00e1stico. Los ciudadanos podr\u00e1n inscribir sus compromisos en una innovadora plataforma (www.pondetuparte.com) que estar\u00e1 activa desde el mismo jueves 6 de marzo.<\/div>\n<div>\u00a0<\/div>\n<div>Adicionalmente \u201cPon de tu Parte\u201d tambi\u00e9n busca que empresas e instituciones se sumen con compromisos medibles y vinculados a su gesti\u00f3n (INFOREGI\u00d3N).<\/div>\n<div>\u00a0<\/div>\n<div><span class=\"Apple-tab-span\" style=\"white-space:pre\">\t\t\t<\/span><\/div>\n<p><a href=\"http:\/\/web.hilo.org.pe\/wp-content\/uploads\/pon de tu parte.jpg\" target=\"_blank\" rel=\"noopener\">Ver archivo adjunto<\/a><\/p>\n","protected":false},"excerpt":{"rendered":"<p>Lima  ?Pon de tu parte? es la campa?a que durante el 2014 buscar? reunir a los ciudadanos, empresas e instituciones comprometidas en la lucha contra el cambio clim?tico. La iniciativa es liderada por el Ministerio del Ambiente (Minam), la Fundaci?n Avina, la Sociedad Peruana de Derecho Ambiental, Ecodes, Ipes, la Municipalidad Metropolitana de Lima, Ciudad Saludable y Per? 2021.<\/p>\n","protected":false},"author":1,"featured_media":7993,"comment_status":"closed","ping_status":"closed","sticky":false,"template":"","format":"standard","meta":{"footnotes":""},"categories":[9],"tags":[],"class_list":["post-1714","post","type-post","status-publish","format-standard","has-post-thumbnail","hentry","category-noticias"],"_links":{"self":[{"href":"https:\/\/ceas.org.pe\/index.php\/wp-json\/wp\/v2\/posts\/1714","targetHints":{"allow":["GET"]}}],"collection":[{"href":"https:\/\/ceas.org.pe\/index.php\/wp-json\/wp\/v2\/posts"}],"about":[{"href":"https:\/\/ceas.org.pe\/index.php\/wp-json\/wp\/v2\/types\/post"}],"author":[{"embeddable":true,"href":"https:\/\/ceas.org.pe\/index.php\/wp-json\/wp\/v2\/users\/1"}],"replies":[{"embeddable":true,"href":"https:\/\/ceas.org.pe\/index.php\/wp-json\/wp\/v2\/comments?post=1714"}],"version-history":[{"count":1,"href":"https:\/\/ceas.org.pe\/index.php\/wp-json\/wp\/v2\/posts\/1714\/revisions"}],"predecessor-version":[{"id":7507,"href":"https:\/\/ceas.org.pe\/index.php\/wp-json\/wp\/v2\/posts\/1714\/revisions\/7507"}],"wp:featuredmedia":[{"embeddable":true,"href":"https:\/\/ceas.org.pe\/index.php\/wp-json\/wp\/v2\/media\/7993"}],"wp:attachment":[{"href":"https:\/\/ceas.org.pe\/index.php\/wp-json\/wp\/v2\/media?parent=1714"}],"wp:term":[{"taxonomy":"category","embeddable":true,"href":"https:\/\/ceas.org.pe\/index.php\/wp-json\/wp\/v2\/categories?post=1714"},{"taxonomy":"post_tag","embeddable":true,"href":"https:\/\/ceas.org.pe\/index.php\/wp-json\/wp\/v2\/tags?post=1714"}],"curies":[{"name":"wp","href":"https:\/\/api.w.org\/{rel}","templated":true}]}}