{"id":1710,"date":"2014-03-04T12:14:18","date_gmt":"2014-03-04T12:14:18","guid":{"rendered":""},"modified":"2026-03-11T09:12:24","modified_gmt":"2026-03-11T14:12:24","slug":"el-papa-francisco-ohoy-hay-mos-mortires-que-en-los-primeros-tiemposo","status":"publish","type":"post","link":"https:\/\/ceas.org.pe\/index.php\/2014\/03\/04\/el-papa-francisco-ohoy-hay-mos-mortires-que-en-los-primeros-tiemposo\/","title":{"rendered":"El Papa Francisco: \u00f3Hoy hay m\u00f3s m\u00f3rtires que en los primeros tiempos\u00f3"},"content":{"rendered":"<p><i style=\"text-align: justify;\"><span lang=\"ES\">\u00abEn las prisiones de los nazis, de los comunistas: \u00a1Muchos! \u00a1Por ser cristianos! \u201cPero hoy tenemos m\u00e1s cultura y no suceden estas cosas\u201d. \u00a1Las hay! Y os digo que hoy hay m\u00e1s m\u00e1rtires que en los primeros tiempos del cristianismo\u201d.<\/span><\/i><\/p>\n<p class=\"MsoNormal\" style=\"margin-bottom: 0.0001pt; text-align: justify;\"><span lang=\"ES\">Al mismo tiempo, el Papa se\u00f1al\u00f3 que la vida cristiana \u00abno es hacer carrera\u201d, sino \u00absencillamente, seguir a Jes\u00fas\u201d.<o:p><\/o:p><\/span><\/p>\n<p class=\"MsoNormal\" style=\"margin-bottom: 0.0001pt; text-align: justify;\"><span lang=\"ES\">\u00a0<\/span><\/p>\n<p class=\"MsoNormal\" style=\"margin-bottom: 0.0001pt; text-align: justify;\"><b><span lang=\"ES\">EXTRACTO DE LA HOMIL\u00cdA DEL PAPA<\/span><\/b><span lang=\"ES\"><o:p><\/o:p><\/span><\/p>\n<p class=\"MsoNormal\" style=\"margin-bottom: 0.0001pt; text-align: justify;\"><b><span lang=\"ES\">(Fuente: Radio Vaticana)<\/span><\/b><span lang=\"ES\"><o:p><\/o:p><\/span><\/p>\n<p class=\"MsoNormal\" style=\"margin-bottom: 0.0001pt; text-align: justify;\"><i><span lang=\"ES\">\u00abEs como si dijese: \u201cS\u00ed, ustedes han dejado todo y recibir\u00e1n aqu\u00ed, en la tierra, muchas cosas: \u00a1pero con persecuci\u00f3n!\u201d. Como una ensalada con el aceite de la persecuci\u00f3n: \u00a1siempre! Esta es la ganancia del cristiano y este es el camino de quien quiere ir detr\u00e1s de Jes\u00fas, porque es el camino que \u00c9l recorri\u00f3: \u00a1\u00c9l fue perseguido! Es el camino del abajamiento. Aquello que Pablo dice a los Filipenses: \u201cSe abaj\u00f3. Se hizo hombre y se abaj\u00f3 hasta la muerte, la muerte de cruz\u201d. Esta es precisamente la tonalidad de la vida cristiana\u201d.<\/span><\/i><span lang=\"ES\"><o:p><\/o:p><\/span><\/p>\n<p class=\"MsoNormal\" style=\"margin-bottom: 0.0001pt; text-align: justify;\"><i><span lang=\"ES\">\u00abPorque el mundo no tolera la divinidad de Cristo. No tolera el anuncio del Evangelio. No tolera las Bienaventuranzas. Y as\u00ed se produce la persecuci\u00f3n: con la palabra, las calumnias, las cosas que dec\u00edan de los cristianos en los primeros siglos, las difamaciones, la c\u00e1rcel\u2026 Nosotros olvidamos f\u00e1cilmente. Pensemos en tantos cristianos, hace 60 a\u00f1os, en los campos, en las prisiones de los nazis, de los comunistas: \u00a1tantos! \u00a1Por ser cristianos! Tambi\u00e9n hoy\u2026 \u201cPero hoy tenemos m\u00e1s cultura y no pasan estas cosas\u201d. \u00a1Pasan! Y yo les digo que hoy en d\u00eda hay m\u00e1s m\u00e1rtires que en los primeros tiempos de la Iglesia\u201d.<\/span><\/i><span lang=\"ES\"><o:p><\/o:p><\/span><\/p>\n<p class=\"MsoNormal\" style=\"margin-bottom: 0.0001pt; text-align: justify;\"><i><span lang=\"ES\">\u00abSon condenados porque tienen una Biblia. No pueden hacer la se\u00f1al de la cruz. Este es el camino de Jes\u00fas. Pero es un camino alegre, porque el Se\u00f1or jam\u00e1s nos pone a la prueba con m\u00e1s de lo que podemos soportar. La vida cristiana no es una ventaja comercial, no es un hacer carrera: es simplemente \u00a1seguir a Jes\u00fas! Cuando seguimos a Jes\u00fas sucede esto. Pensemos si tenemos dentro de nosotros el deseo de ser valientes en el testimonio de Jes\u00fas. Pensemos tambi\u00e9n &#8211; nos har\u00e1 bien &#8211; en tantos hermanos y hermanas que hoy \u2013 \u00a1hoy! &#8211; no pueden rezar juntos, porque son perseguidos; no pueden tener el libro del Evangelio o una Biblia, porque son perseguidos\u201d.<\/span><\/i><span lang=\"ES\"><o:p><\/o:p><\/span><\/p>\n<p class=\"MsoNormal\">\u00a0<\/p>\n<p class=\"MsoNormal\"><span lang=\"ES\">Tomado de: Rome Reports del 04\/03\/13<o:p><\/o:p><\/span><\/p>\n<p><a href=\"http:\/\/web.hilo.org.pe\/wp-content\/uploads\/MARTIRES.jpg\" target=\"_blank\" rel=\"noopener\">Ver archivo adjunto<\/a><\/p>\n","protected":false},"excerpt":{"rendered":"<p>En su homil?a de Casa Santa Marta, el Papa Francisco dijo que las persecuciones no terminaron en los primeros siglos del cristianismo. Subray? que tambi?n en el siglo XX hubo persecuciones y que todav?a hay lugares en donde los cristianos ni siquiera pueden tener una Biblia.<\/p>\n","protected":false},"author":1,"featured_media":7855,"comment_status":"closed","ping_status":"closed","sticky":false,"template":"","format":"standard","meta":{"footnotes":""},"categories":[9],"tags":[],"class_list":["post-1710","post","type-post","status-publish","format-standard","has-post-thumbnail","hentry","category-noticias"],"_links":{"self":[{"href":"https:\/\/ceas.org.pe\/index.php\/wp-json\/wp\/v2\/posts\/1710","targetHints":{"allow":["GET"]}}],"collection":[{"href":"https:\/\/ceas.org.pe\/index.php\/wp-json\/wp\/v2\/posts"}],"about":[{"href":"https:\/\/ceas.org.pe\/index.php\/wp-json\/wp\/v2\/types\/post"}],"author":[{"embeddable":true,"href":"https:\/\/ceas.org.pe\/index.php\/wp-json\/wp\/v2\/users\/1"}],"replies":[{"embeddable":true,"href":"https:\/\/ceas.org.pe\/index.php\/wp-json\/wp\/v2\/comments?post=1710"}],"version-history":[{"count":1,"href":"https:\/\/ceas.org.pe\/index.php\/wp-json\/wp\/v2\/posts\/1710\/revisions"}],"predecessor-version":[{"id":7513,"href":"https:\/\/ceas.org.pe\/index.php\/wp-json\/wp\/v2\/posts\/1710\/revisions\/7513"}],"wp:featuredmedia":[{"embeddable":true,"href":"https:\/\/ceas.org.pe\/index.php\/wp-json\/wp\/v2\/media\/7855"}],"wp:attachment":[{"href":"https:\/\/ceas.org.pe\/index.php\/wp-json\/wp\/v2\/media?parent=1710"}],"wp:term":[{"taxonomy":"category","embeddable":true,"href":"https:\/\/ceas.org.pe\/index.php\/wp-json\/wp\/v2\/categories?post=1710"},{"taxonomy":"post_tag","embeddable":true,"href":"https:\/\/ceas.org.pe\/index.php\/wp-json\/wp\/v2\/tags?post=1710"}],"curies":[{"name":"wp","href":"https:\/\/api.w.org\/{rel}","templated":true}]}}