{"id":1707,"date":"2014-03-03T09:46:03","date_gmt":"2014-03-03T09:46:03","guid":{"rendered":""},"modified":"2026-03-11T09:12:24","modified_gmt":"2026-03-11T14:12:24","slug":"preparan-marcha-por-la-vida-2014","status":"publish","type":"post","link":"https:\/\/ceas.org.pe\/index.php\/2014\/03\/03\/preparan-marcha-por-la-vida-2014\/","title":{"rendered":"Preparan Marcha por la Vida 2014"},"content":{"rendered":"<div>M\u00e1s de 500 j\u00f3venes de la Arquidi\u00f3cesis de Lima se comprometieron a ser activos voluntarios en la Gran Marcha por la Vida, que se realizar\u00e1 el pr\u00f3ximo 22 de marzo, por las principales calles de la capital peruana.\u00a0<\/div>\n<div>\u00a0<\/div>\n<div>Estos j\u00f3venes, reunidos en el Primer Encuentro de Voluntarios, son chicos entre 16 y 30 a\u00f1os provenientes de diversas organizaciones del Lima. Ellos manifestaron su compromiso para participar en las diferentes actividades que se desarrollar\u00e1n antes de la Gran Marcha por la Vida.\u00a0<\/div>\n<div>\u00a0<\/div>\n<div>Los organizadores les presentaron a los j\u00f3venes los detalles exclusivos de la Marcha por la Vida \u2013 Lima 2014, como los polos oficiales, la canci\u00f3n oficial de la marcha as\u00ed como el kit oficial del voluntario.<\/div>\n<div>\u00a0<\/div>\n<div>En su labor, los voluntarios repartir\u00e1n los volantes publicitarios de la marcha, as\u00ed como las alcanc\u00edas para recolecci\u00f3n de dinero; y durante la Marcha por la Vida, el 22 de marzo, ayudar\u00e1n en la organizaci\u00f3n y el orden durante el evento y principalmente en la difusi\u00f3n de la actividad en las redes sociales.<\/div>\n<div>\u00a0<\/div>\n<div>Cabe recordar que la Marcha por la Vida, es uno de los eventos m\u00e1s multitudinarios del pa\u00eds y se realizar\u00e1 el s\u00e1bado 22 de marzo, desde las 9:00 de la ma\u00f1ana. La concentraci\u00f3n ser\u00e1 en el cruce de la Av. Brasil y la Av. Javier Prado. De all\u00ed se iniciar\u00e1 el recorrido que llegar\u00e1 hasta el Campo de Marte, en Jes\u00fas Mar\u00eda.<\/div>\n<div>\u00a0<\/div>\n<div>Las personas que desean participar como voluntarios se pueden inscribir a http:\/\/marchaporlavidalima.org\/voluntarios\/\u00a0<\/div>\n<div>\u00a0<\/div>\n<div>Fuente: CEP<\/div>\n<p><a href=\"http:\/\/web.hilo.org.pe\/wp-content\/uploads\/jovenes.jpg\" target=\"_blank\" rel=\"noopener\">Ver archivo adjunto<\/a><\/p>\n","protected":false},"excerpt":{"rendered":"<p>M?s de 500 j?venes de la Arquidi?cesis de Lima se comprometieron a ser activos voluntarios en la Gran Marcha por la Vida, que se realizar? el pr?ximo 22 de marzo, por las principales calles de la capital peruana.<\/p>\n","protected":false},"author":1,"featured_media":7864,"comment_status":"closed","ping_status":"closed","sticky":false,"template":"","format":"standard","meta":{"footnotes":""},"categories":[9],"tags":[],"class_list":["post-1707","post","type-post","status-publish","format-standard","has-post-thumbnail","hentry","category-noticias"],"_links":{"self":[{"href":"https:\/\/ceas.org.pe\/index.php\/wp-json\/wp\/v2\/posts\/1707","targetHints":{"allow":["GET"]}}],"collection":[{"href":"https:\/\/ceas.org.pe\/index.php\/wp-json\/wp\/v2\/posts"}],"about":[{"href":"https:\/\/ceas.org.pe\/index.php\/wp-json\/wp\/v2\/types\/post"}],"author":[{"embeddable":true,"href":"https:\/\/ceas.org.pe\/index.php\/wp-json\/wp\/v2\/users\/1"}],"replies":[{"embeddable":true,"href":"https:\/\/ceas.org.pe\/index.php\/wp-json\/wp\/v2\/comments?post=1707"}],"version-history":[{"count":1,"href":"https:\/\/ceas.org.pe\/index.php\/wp-json\/wp\/v2\/posts\/1707\/revisions"}],"predecessor-version":[{"id":7516,"href":"https:\/\/ceas.org.pe\/index.php\/wp-json\/wp\/v2\/posts\/1707\/revisions\/7516"}],"wp:featuredmedia":[{"embeddable":true,"href":"https:\/\/ceas.org.pe\/index.php\/wp-json\/wp\/v2\/media\/7864"}],"wp:attachment":[{"href":"https:\/\/ceas.org.pe\/index.php\/wp-json\/wp\/v2\/media?parent=1707"}],"wp:term":[{"taxonomy":"category","embeddable":true,"href":"https:\/\/ceas.org.pe\/index.php\/wp-json\/wp\/v2\/categories?post=1707"},{"taxonomy":"post_tag","embeddable":true,"href":"https:\/\/ceas.org.pe\/index.php\/wp-json\/wp\/v2\/tags?post=1707"}],"curies":[{"name":"wp","href":"https:\/\/api.w.org\/{rel}","templated":true}]}}