{"id":1703,"date":"2014-03-10T14:22:34","date_gmt":"2014-03-10T14:22:34","guid":{"rendered":""},"modified":"2026-03-11T09:12:24","modified_gmt":"2026-03-11T14:12:24","slug":"ceas-celebra-maoana-su-aniversario-institucional","status":"publish","type":"post","link":"https:\/\/ceas.org.pe\/index.php\/2014\/03\/10\/ceas-celebra-maoana-su-aniversario-institucional\/","title":{"rendered":"CEAS celebra ma\u00f3ana su aniversario institucional"},"content":{"rendered":"<p><span style=\"font-size: 11pt\">Ha sido y es un trabajo muy neto en la defensa y promoci\u00f3n de los derechos humanos,\u00a0 acci\u00f3n que se fundamenta en el Evangelio de Jesucristo y en la Doctrina Social de la Iglesia. <br \/>\n<\/span><br \/>\n<span style=\"font-size: 11pt\">Nuestro aniversario lo celebramos ma\u00f1ana con la <\/span><span style=\"font-size: 11pt\">Eucarist\u00eda central y luego tendremos un panel al que hemos denominado: \u201c<\/span><span style=\"font-size: 11pt\">Memoria, Derechos Humanos, Cuidado de los Bienes de la Creaci\u00f3n y rol de la Iglesia\u201d En este intercambio nos acompa\u00f1ar\u00e1n: Ernesto Alayza Mujica, <\/span><span style=\"font-size: 11pt\">CEAPAZ \u2013 Ex Secretario Ejecutivo de CEAS, <\/span><span style=\"font-size: 11pt\">Roc\u00edo Valdeavellano Roca Rey, representante del <\/span><span style=\"font-size: 11pt\">Movimiento Ciudadano frente al Cambio Clim\u00e1tico \u2013 MOCCIC, y <\/span><span style=\"font-size: 11pt\">Carmen Rosa Ar\u00e9valo Salas, representante de la <\/span><span style=\"font-size: 11pt\">Comisi\u00f3n de Justicia y Paz, Derechos Humanos y Cuidado de los Bienes de la Creaci\u00f3n del Vicariato Apost\u00f3lico de Iquitos. Al cierre del panel tendremos un brindis de honor para agradecer por la vida y los compromisos asumidos.<\/span><\/p>\n<div><span style=\"font-size: 11pt\">CEAS fue creada un 11 de marzo de 1965 en el contexto de la realizaci\u00f3n del Concilio Vaticano II, c\u00f3nclave eclesial que renov\u00f3 a la Iglesia. Ese a\u00f1o precisamente se promulg\u00f3 la Constituci\u00f3n Pastoral \u201cGaudium et spes\u201d (Los gozos y esperanzas) sobre la Iglesia en el mundo actual.<\/span><\/div>\n<div>\u00a0<\/div>\n<div><span style=\"font-size: 11pt\">En esta fecha de aniversario, preparatoria a la celebraci\u00f3n de los 50 a\u00f1os de servicio a la Iglesia y el pa\u00eds, queremos recordar a los obispos presidentes de nuestra Comisi\u00f3n. C\u00f3mo no recordar al primer obispo presidente de CEAS, Monse\u00f1or Jos\u00e9 Dammert Bellido, quien tambi\u00e9n fue Presidente de la Conferencia Episcopal Peruana, le siguieron Monse\u00f1or Ricardo Durand Flores,\u00a0 Monse\u00f1or Luis Bambaren Gastelumendi, Monse\u00f1or Miguel Irizar Campos, Monse\u00f1or Juan Luis Mart\u00edn Bisson, Monse\u00f1or Sebasti\u00e1n Ramis Torrens, Monse\u00f1or Pedro Barreto Jimeno y actualmente Monse\u00f1or H\u00e9ctor Vera Colona, Obispo de Ica.<\/span><\/div>\n<div>\u00a0<\/div>\n<div><span style=\"font-size: 11pt\">CEAS sigue su labor pastoral y formativa atendiendo los desaf\u00edos de la pastoral ecol\u00f3gica, conocida como la Pastoral del Cuidado de los bienes de la creaci\u00f3n, trabajamos en casi 20 jurisdicciones en una propuesta de transformaci\u00f3n de conflictos por oportunidades de desarrollo, nuestro acercamiento con las comunidades del ande y de la selva peruana nos dejan muchos desaf\u00edos y renuevan nuestros compromisos. Seguimos promoviendo la pastoral de los Derechos Humanos para consolidar la justicia, la democracia, la gobernabilidad y el desarrollo y la paz en el Per\u00fa. Seguimos apoyando la promoci\u00f3n de la Justicia Penal y Penitenciaria, la Econom\u00eda Solidaria y la Democracia Participativa. Estas actividades siguen siendo iluminadas por la Ense\u00f1anza Social de la Iglesia, eje transversal de nuestros programas \u00a0y proyectos.<\/span><\/div>\n<div style=\"text-align: justify; margin: 0cm 1.4pt 0pt 14.2pt\">\u00a0<\/div>\n<div style=\"text-align: justify; margin: 0cm 1.4pt 0pt 0cm\"><span style=\"font-size: 11pt\">Monse\u00f1or H\u00e9ctor Vera Colona y todos los colaboradores de CEAS, agradecen su gentil presencia a la celebraci\u00f3n del\u00a0 49\u00b0 aniversario Institucional a realizarse ma\u00f1ana martes 11 de marzo, en el local de la Conferencia Episcopal Peruana, ubicada en Jr. Estados Unidos 838, Jes\u00fas Mar\u00eda.<\/span><\/div>\n<div style=\"text-align: justify; margin: 0cm 1.4pt 0pt 0cm\">\u00a0<\/div>\n<p><a href=\"http:\/\/web.hilo.org.pe\/wp-content\/uploads\/INVITACION web.jpg\" target=\"_blank\" rel=\"noopener\">Ver archivo adjunto<\/a><\/p>\n","protected":false},"excerpt":{"rendered":"<p>La Comisi?n Episcopal de Acci?n Social, CEAS, ?rgano de servicio de la Conferencia Episcopal Peruana, celebra este martes 11 de marzo 49 a?os de tarea ininterrumpida en favor de la Iglesia y la sociedad peruanas.<\/p>\n","protected":false},"author":1,"featured_media":7992,"comment_status":"closed","ping_status":"closed","sticky":false,"template":"","format":"standard","meta":{"footnotes":""},"categories":[9],"tags":[],"class_list":["post-1703","post","type-post","status-publish","format-standard","has-post-thumbnail","hentry","category-noticias"],"_links":{"self":[{"href":"https:\/\/ceas.org.pe\/index.php\/wp-json\/wp\/v2\/posts\/1703","targetHints":{"allow":["GET"]}}],"collection":[{"href":"https:\/\/ceas.org.pe\/index.php\/wp-json\/wp\/v2\/posts"}],"about":[{"href":"https:\/\/ceas.org.pe\/index.php\/wp-json\/wp\/v2\/types\/post"}],"author":[{"embeddable":true,"href":"https:\/\/ceas.org.pe\/index.php\/wp-json\/wp\/v2\/users\/1"}],"replies":[{"embeddable":true,"href":"https:\/\/ceas.org.pe\/index.php\/wp-json\/wp\/v2\/comments?post=1703"}],"version-history":[{"count":1,"href":"https:\/\/ceas.org.pe\/index.php\/wp-json\/wp\/v2\/posts\/1703\/revisions"}],"predecessor-version":[{"id":7502,"href":"https:\/\/ceas.org.pe\/index.php\/wp-json\/wp\/v2\/posts\/1703\/revisions\/7502"}],"wp:featuredmedia":[{"embeddable":true,"href":"https:\/\/ceas.org.pe\/index.php\/wp-json\/wp\/v2\/media\/7992"}],"wp:attachment":[{"href":"https:\/\/ceas.org.pe\/index.php\/wp-json\/wp\/v2\/media?parent=1703"}],"wp:term":[{"taxonomy":"category","embeddable":true,"href":"https:\/\/ceas.org.pe\/index.php\/wp-json\/wp\/v2\/categories?post=1703"},{"taxonomy":"post_tag","embeddable":true,"href":"https:\/\/ceas.org.pe\/index.php\/wp-json\/wp\/v2\/tags?post=1703"}],"curies":[{"name":"wp","href":"https:\/\/api.w.org\/{rel}","templated":true}]}}