{"id":1701,"date":"2014-02-27T10:23:39","date_gmt":"2014-02-27T10:23:39","guid":{"rendered":""},"modified":"2026-03-11T09:12:25","modified_gmt":"2026-03-11T14:12:25","slug":"ola-existencia-de-las-obras-en-el-tiempo-el-cambio-y-la-sostenibilidado","status":"publish","type":"post","link":"https:\/\/ceas.org.pe\/index.php\/2014\/02\/27\/ola-existencia-de-las-obras-en-el-tiempo-el-cambio-y-la-sostenibilidado\/","title":{"rendered":"\u00f3La existencia de las obras en el tiempo: el cambio y la sostenibilidad\u00f3,"},"content":{"rendered":"<div>Los d\u00edas 18 al 23 de febrero la\u00a0<span style=\"font-size: 12px;\">Universidad Cat\u00f3lica Sedes Sapientiae (<\/span><span style=\"font-size: 12px;\">UCSS) fue sede de la Semana de Formaci\u00f3n del Progetto Opere Gemelle \u201cLa existencia de las obras en el tiempo: el cambio y la sostenibilidad\u201d, organizado por la Compagnia delle Opere, Compa\u00f1\u00eda de las Obras \u2013 CDO, asociaci\u00f3n internacional de empresarios y profesionales con sede en Italia, que promueve la responsabilidad social empresarial en aras de un progreso verdaderamente humano.<\/span><\/div>\n<div>\u00a0<\/div>\n<div>Con la asistencia de representantes provenientes de Europa y Am\u00e9rica Latina, en el encuentro se desarrollaron temas sobre el origen y la misi\u00f3n de las obras, su vinculaci\u00f3n con las actividades empresariales o sociales emprendidas, y su sostenibilidad en el tiempo teniendo como centro la persona: desde los empleados hasta los p\u00fablicos objetivos a quienes se proyecta la obra. Los participantes tuvieron la oportunidad de conocer las experiencias empresariales y sociales que sirven de gu\u00eda y ejemplo de los temas tratados, as\u00ed como intercambiar experiencias de desarrollo y consolidaci\u00f3n.<\/div>\n<div>\u00a0<\/div>\n<div>Los asistentes, directores y responsables de importantes empresas y obras sociales, recibieron una semana de formaci\u00f3n a cargo de de docentes y responsables de la organizaci\u00f3n, entre ellos el presidiente de la CDO, Dr. Bernhard Scholz, y los directores de CDO Opere Sociali, Monica Poletto, y Enrico Novara.<\/div>\n<div>\u00a0<\/div>\n<div>Fuente:\u00a0<span style=\"font-size: 12px;\">Universidad Cat\u00f3lica Sedes Sapientiae<\/span><\/div>\n<p><a href=\"http:\/\/web.hilo.org.pe\/wp-content\/uploads\/20140227_seminario proyectos ceas.jpg\" target=\"_blank\" rel=\"noopener\">Ver archivo adjunto<\/a><\/p>\n","protected":false},"excerpt":{"rendered":"<p>Los d?as 18 al 23 de febrero la Universidad Cat?lica Sedes Sapientiae (UCSS) fue sede de la Semana de Formaci?n del Progetto Opere Gemelle ?La existencia de las obras en el tiempo: el cambio y la sostenibilidad?, organizado por la Compagnia delle Opere, Compa??a de las Obras ? CDO, asociaci?n internacional de empresarios y profesionales con sede en Italia, que promueve la responsabilidad social empresarial en aras de un progreso verdaderamente humano.<\/p>\n","protected":false},"author":1,"featured_media":0,"comment_status":"closed","ping_status":"closed","sticky":false,"template":"","format":"standard","meta":{"footnotes":""},"categories":[9],"tags":[],"class_list":["post-1701","post","type-post","status-publish","format-standard","hentry","category-noticias"],"_links":{"self":[{"href":"https:\/\/ceas.org.pe\/index.php\/wp-json\/wp\/v2\/posts\/1701","targetHints":{"allow":["GET"]}}],"collection":[{"href":"https:\/\/ceas.org.pe\/index.php\/wp-json\/wp\/v2\/posts"}],"about":[{"href":"https:\/\/ceas.org.pe\/index.php\/wp-json\/wp\/v2\/types\/post"}],"author":[{"embeddable":true,"href":"https:\/\/ceas.org.pe\/index.php\/wp-json\/wp\/v2\/users\/1"}],"replies":[{"embeddable":true,"href":"https:\/\/ceas.org.pe\/index.php\/wp-json\/wp\/v2\/comments?post=1701"}],"version-history":[{"count":1,"href":"https:\/\/ceas.org.pe\/index.php\/wp-json\/wp\/v2\/posts\/1701\/revisions"}],"predecessor-version":[{"id":7520,"href":"https:\/\/ceas.org.pe\/index.php\/wp-json\/wp\/v2\/posts\/1701\/revisions\/7520"}],"wp:attachment":[{"href":"https:\/\/ceas.org.pe\/index.php\/wp-json\/wp\/v2\/media?parent=1701"}],"wp:term":[{"taxonomy":"category","embeddable":true,"href":"https:\/\/ceas.org.pe\/index.php\/wp-json\/wp\/v2\/categories?post=1701"},{"taxonomy":"post_tag","embeddable":true,"href":"https:\/\/ceas.org.pe\/index.php\/wp-json\/wp\/v2\/tags?post=1701"}],"curies":[{"name":"wp","href":"https:\/\/api.w.org\/{rel}","templated":true}]}}