{"id":1691,"date":"2014-02-18T14:35:02","date_gmt":"2014-02-18T14:35:02","guid":{"rendered":""},"modified":"2026-03-11T09:12:25","modified_gmt":"2026-03-11T14:12:25","slug":"comunicado-de-la-conferencia-episcopal-peruana-respecto-al-proyecto-de-la-ley-universitaria","status":"publish","type":"post","link":"https:\/\/ceas.org.pe\/index.php\/2014\/02\/18\/comunicado-de-la-conferencia-episcopal-peruana-respecto-al-proyecto-de-la-ley-universitaria\/","title":{"rendered":"Comunicado de la Conferencia Episcopal Peruana respecto al proyecto de la Ley Universitaria"},"content":{"rendered":"<p>\u00a0<b style=\"text-align: center;\"><i><span style=\"font-size:20.0pt;font-family:\"Calibri\",\"sans-serif\";mso-ascii-theme-font:\nminor-latin;mso-hansi-theme-font:minor-latin\">Conferencia Episcopal Peruana<\/span><\/i><\/b><\/p>\n<p class=\"MsoNormal\" align=\"center\" style=\"text-align:center;line-height:15.0pt;\nmso-line-height-rule:exactly;text-autospace:none\"><b><span style=\"font-size:\n16.0pt;font-variant:small-caps;color:#1A1A1A;letter-spacing:2.0pt\">\u00a0<\/span><\/b><b><span style=\"font-size:\n16.0pt;font-variant:small-caps;color:#1A1A1A;letter-spacing:2.0pt\">\u00a0<\/span><\/b><\/p>\n<p class=\"MsoNormal\" align=\"center\" style=\"text-align:center;line-height:15.0pt;\nmso-line-height-rule:exactly;text-autospace:none\"><b><span style=\"font-size:\n16.0pt;font-variant:small-caps;color:#1A1A1A;letter-spacing:2.0pt\">Comunicado<\/span><\/b><\/p>\n<p class=\"MsoNormal\" align=\"center\" style=\"text-align:center;line-height:15.0pt;\nmso-line-height-rule:exactly;text-autospace:none\"><span style=\"color: rgb(26, 26, 26); font-family: Calibri, sans-serif; font-size: 11pt; line-height: 15pt; text-align: justify;\">Los Obispos, reunidos en la 103\u00aa Asamblea General Ordinaria de la Conferencia Episcopal Peruana, preocupados por las distintas posiciones planteadas respecto al proyecto de Ley Universitaria, y conscientes de la importancia de dicho tema, expresamos:<\/span><span style=\"font-size:11.0pt;font-family:\"Calibri\",\"sans-serif\";\nmso-ascii-theme-font:minor-latin;mso-hansi-theme-font:minor-latin;color:#1A1A1A\">\u00a0<\/span><span style=\"font-size:11.0pt;font-family:\"Calibri\",\"sans-serif\";mso-ascii-theme-font:\nminor-latin;mso-hansi-theme-font:minor-latin\"><o:p><\/o:p><\/span><\/p>\n<p class=\"Listavistosa-nfasis11\" style=\"margin-left:1.0cm;text-align:justify;\ntext-indent:-1.0cm;line-height:15.0pt;mso-line-height-rule:exactly;mso-list:\nl0 level1 lfo1;text-autospace:none\"><!--[if !supportLists]--><span style=\"font-size:11.0pt;font-family:\"Calibri\",\"sans-serif\";mso-ascii-theme-font:\nminor-latin;mso-hansi-theme-font:minor-latin;mso-bidi-font-family:Calibri;\nmso-bidi-theme-font:minor-latin\">1.<span style=\"font-size: 7pt; line-height: normal; font-family: 'Times New Roman';\">\u00a0 \u00a0 \u00a0 \u00a0 \u00a0<\/span><\/span><span style=\"font-size:11.0pt;font-family:\"Calibri\",\"sans-serif\";\nmso-ascii-theme-font:minor-latin;mso-hansi-theme-font:minor-latin;color:#1A1A1A\">Las universidades nacieron para que, por el camino del conocimiento y el desarrollo personal, el ser humano sea m\u00e1s libre. La Iglesia ha participado activamente en el nacimiento de las universidades; concretamente, en el Per\u00fa fund\u00f3 la Universidad Nacional Mayor de San Marcos, una de las m\u00e1s antiguas de Am\u00e9rica. Desde hace m\u00e1s de cuatro siglos hasta la actualidad, la Iglesia est\u00e1 comprometida con la formaci\u00f3n integral de millones de peruanos a trav\u00e9s de escuelas, institutos superiores y universidades a lo largo de todo el pa\u00eds. Es \u00e9sta una de las razones por las que el Estado la reconoce como un elemento importante en la formaci\u00f3n hist\u00f3rica, cultural y moral del Per\u00fa. (art. 50 de la Constituci\u00f3n Pol\u00edtica).<\/span><span style=\"font-size:11.0pt;font-family:\"Calibri\",\"sans-serif\";\nmso-ascii-theme-font:minor-latin;mso-hansi-theme-font:minor-latin\"><o:p><\/o:p><\/span><\/p>\n<p class=\"MsoNormal\" style=\"margin-left:1.0cm;text-align:justify;text-indent:\n-1.0cm;line-height:15.0pt;mso-line-height-rule:exactly;text-autospace:none\"><span style=\"line-height: 15pt; text-indent: -1cm; font-size: 11pt; font-family: Calibri, sans-serif;\">2.<span style=\"font-size: 7pt; line-height: normal; font-family: 'Times New Roman';\">\u00a0 \u00a0 <\/span><\/span><span style=\"line-height: 15pt; text-indent: -1cm; font-size: 11pt; font-family: Calibri, sans-serif; color: rgb(26, 26, 26);\">Actualmente, la Iglesia Cat\u00f3lica, en el marco del Acuerdo Internacional celebrado entre la Santa Sede y la Rep\u00fablica del Per\u00fa, desarrolla a trav\u00e9s de sus universidades una intensa labor de formaci\u00f3n humanista, investigaci\u00f3n cient\u00edfica y promoci\u00f3n de la cultura.<\/span><\/p>\n<p class=\"MsoNormal\" style=\"margin-left:1.0cm;text-align:justify;text-indent:\n-1.0cm;line-height:15.0pt;mso-line-height-rule:exactly;text-autospace:none\"><span style=\"font-size:11.0pt;font-family:\"Calibri\",\"sans-serif\";mso-ascii-theme-font:\nminor-latin;mso-hansi-theme-font:minor-latin;color:#1A1A1A\">\u00a0<\/span><span style=\"line-height: 15pt; text-indent: -1cm; font-size: 11pt; font-family: Calibri, sans-serif;\">3.<span style=\"font-size: 7pt; line-height: normal; font-family: 'Times New Roman';\">\u00a0 \u00a0 \u00a0<\/span><\/span><span style=\"line-height: 15pt; text-indent: -1cm; font-size: 11pt; font-family: Calibri, sans-serif; color: rgb(26, 26, 26);\">Consideramos positivo que se busque mejorar el sistema universitario de nuestro pa\u00eds; este proceso debe darse en un clima de di\u00e1logo alturado y fruct\u00edfero, sin que genere polarizaci\u00f3n ni ponga en riesgo el futuro de la universidad en el Per\u00fa.<\/span><\/p>\n<p class=\"MsoNormal\" style=\"margin-left:1.0cm;text-align:justify;text-indent:\n-1.0cm;line-height:15.0pt;mso-line-height-rule:exactly;text-autospace:none\"><span style=\"font-size:11.0pt;font-family:\"Calibri\",\"sans-serif\";mso-ascii-theme-font:\nminor-latin;mso-hansi-theme-font:minor-latin;color:#1A1A1A\">\u00a0<\/span><span style=\"line-height: 15pt; text-indent: -1cm; font-size: 11pt; font-family: Calibri, sans-serif;\">4.<span style=\"font-size: 7pt; line-height: normal; font-family: 'Times New Roman';\">\u00a0\u00a0\u00a0\u00a0\u00a0\u00a0\u00a0\u00a0\u00a0\u00a0\u00a0\u00a0\u00a0 <\/span><\/span><span style=\"line-height: 15pt; text-indent: -1cm; font-size: 11pt; font-family: Calibri, sans-serif; color: rgb(26, 26, 26);\">Por ello, exhortamos a que se realice un debate participativo y t\u00e9cnico que tenga como norte lograr que las universidades sean espacios que garanticen el crecimiento y realizaci\u00f3n humanos, pero sin menoscabo del respeto a su autonom\u00eda y dem\u00e1s derechos y garant\u00edas reconocidos por nuestra Constituci\u00f3n. La Conferencia Episcopal ratifica su compromiso de contribuir a dicho debate.<\/span><\/p>\n<p class=\"MsoNormal\" style=\"margin-left:1.0cm;text-align:justify;text-indent:\n-1.0cm;line-height:15.0pt;mso-line-height-rule:exactly;text-autospace:none\"><span style=\"font-size:11.0pt;font-family:\"Calibri\",\"sans-serif\";mso-ascii-theme-font:\nminor-latin;mso-hansi-theme-font:minor-latin;color:#1A1A1A\">\u00a0<\/span><span style=\"color: rgb(26, 26, 26); font-family: Calibri, sans-serif; font-size: 11pt; line-height: 15pt; text-indent: -1cm;\">5.\u00a0\u00a0\u00a0\u00a0\u00a0 Finalmente, invocamos al Congreso y dem\u00e1s poderes del Estado a no perder de vista su deber constitucional de promover el bienestar general, que se fundamenta en la justicia y en el desarrollo humano integral de todos los peruanos.<\/span><\/p>\n<p class=\"MsoNormal\" style=\"margin-left:1.0cm;text-align:justify;text-indent:\n-1.0cm;line-height:15.0pt;mso-line-height-rule:exactly;text-autospace:none\"><span style=\"font-size:11.0pt;font-family:\"Calibri\",\"sans-serif\";mso-ascii-theme-font:\nminor-latin;mso-hansi-theme-font:minor-latin;color:#1A1A1A\">\u00a0<\/span><span style=\"color: rgb(26, 26, 26); font-family: Calibri, sans-serif; font-size: 11pt; line-height: 15pt;\">Lima, 18 de febrero de 2014.<\/span><\/p>\n<p class=\"MsoNormal\"><o:p>\u00a0<\/o:p><\/p>\n<p><a href=\"http:\/\/web.hilo.org.pe\/wp-content\/uploads\/CEP.jpg\" target=\"_blank\" rel=\"noopener\">Ver archivo adjunto<\/a><\/p>\n","protected":false},"excerpt":{"rendered":"<p>Los Obispos, reunidos en la 103? Asamblea General Ordinaria de la Conferencia Episcopal Peruana, preocupados por las distintas posiciones planteadas respecto al proyecto de Ley Universitaria, y conscientes de la importancia de dicho tema, expresamos:<\/p>\n","protected":false},"author":1,"featured_media":7951,"comment_status":"closed","ping_status":"closed","sticky":false,"template":"","format":"standard","meta":{"footnotes":""},"categories":[9],"tags":[],"class_list":["post-1691","post","type-post","status-publish","format-standard","has-post-thumbnail","hentry","category-noticias"],"_links":{"self":[{"href":"https:\/\/ceas.org.pe\/index.php\/wp-json\/wp\/v2\/posts\/1691","targetHints":{"allow":["GET"]}}],"collection":[{"href":"https:\/\/ceas.org.pe\/index.php\/wp-json\/wp\/v2\/posts"}],"about":[{"href":"https:\/\/ceas.org.pe\/index.php\/wp-json\/wp\/v2\/types\/post"}],"author":[{"embeddable":true,"href":"https:\/\/ceas.org.pe\/index.php\/wp-json\/wp\/v2\/users\/1"}],"replies":[{"embeddable":true,"href":"https:\/\/ceas.org.pe\/index.php\/wp-json\/wp\/v2\/comments?post=1691"}],"version-history":[{"count":1,"href":"https:\/\/ceas.org.pe\/index.php\/wp-json\/wp\/v2\/posts\/1691\/revisions"}],"predecessor-version":[{"id":7535,"href":"https:\/\/ceas.org.pe\/index.php\/wp-json\/wp\/v2\/posts\/1691\/revisions\/7535"}],"wp:featuredmedia":[{"embeddable":true,"href":"https:\/\/ceas.org.pe\/index.php\/wp-json\/wp\/v2\/media\/7951"}],"wp:attachment":[{"href":"https:\/\/ceas.org.pe\/index.php\/wp-json\/wp\/v2\/media?parent=1691"}],"wp:term":[{"taxonomy":"category","embeddable":true,"href":"https:\/\/ceas.org.pe\/index.php\/wp-json\/wp\/v2\/categories?post=1691"},{"taxonomy":"post_tag","embeddable":true,"href":"https:\/\/ceas.org.pe\/index.php\/wp-json\/wp\/v2\/tags?post=1691"}],"curies":[{"name":"wp","href":"https:\/\/api.w.org\/{rel}","templated":true}]}}