{"id":1689,"date":"2014-02-13T15:41:42","date_gmt":"2014-02-13T15:41:42","guid":{"rendered":""},"modified":"2026-03-11T09:12:25","modified_gmt":"2026-03-11T14:12:25","slug":"arquidiocesis-de-arequipa-prepara-marcha-en-defensa-de-la-vida","status":"publish","type":"post","link":"https:\/\/ceas.org.pe\/index.php\/2014\/02\/13\/arquidiocesis-de-arequipa-prepara-marcha-en-defensa-de-la-vida\/","title":{"rendered":"Arquidi\u00f3cesis de Arequipa prepara marcha en defensa de la vida"},"content":{"rendered":"<div>El Vicario Episcopal para la Pastoral en la Arquidi\u00f3cesis del Cusco, Monse\u00f1or Fredi Aparicio Quispe, inform\u00f3 que la \u201cGran Marcha en Defensa de la Vida\u201d, se realizar\u00e1 este a\u00f1o, el s\u00e1bado 10 de mayo, actividad que todos los a\u00f1os la Arquidi\u00f3cesis del Cusco, realiza con motivo del \u201cD\u00eda del Ni\u00f1o por Nacer\u201d.<\/div>\n<div>\u00a0<\/div>\n<div>Dijo que el cambio de fecha responde a la necesidad de contar con mayor tiempo, para realizar una adecuada campa\u00f1a de sensibilizaci\u00f3n, con los j\u00f3venes de las instituciones educativas del nivel superior, primaria y secundaria; j\u00f3venes que deber\u00e1n estudiar bien el tema del \u201cAborto\u201d, para que con plena convicci\u00f3n luchen para evitar su legalizaci\u00f3n en nuestro pa\u00eds y defiendan la vida desde la concepci\u00f3n hasta la muerte natural.<\/div>\n<div>\u00a0<\/div>\n<div>La Gran Marcha en Defensa de la Vida tendr\u00e1 -como todos los a\u00f1os- el lema: \u201cSeamos la Voz de los sin voz\u201d y se realizar\u00e1 por importantes calles y avenidas de la ciudad imperial, contando con la participaci\u00f3n de cientos de feligreses convencidos que la vida humana es sagrada, porque desde su inicio es fruto de la acci\u00f3n creadora de Dios, y que por tanto nadie puede atribuirse el derecho de matar de modo directo a un ser humano inocente.<\/div>\n<div>\u00a0<\/div>\n<div>El Vicario Episcopal para la Pastoral y Presidente del Comit\u00e9 organizador de la Gran Marcha por la Vida, hace extensiva la invitaci\u00f3n a todas las instituciones educativas, parroquias y comunidades en general a sumarse a la tarea de sensibilizaci\u00f3n que a partir de la fecha debemos asumir todos, para generar conciencias en torno al tema de defensa de la vida.<\/div>\n<p><a href=\"http:\/\/web.hilo.org.pe\/wp-content\/uploads\/20140213_bb en barriga.jpg\" target=\"_blank\" rel=\"noopener\">Ver archivo adjunto<\/a><\/p>\n","protected":false},"excerpt":{"rendered":"<p>El Vicario Episcopal para la Pastoral en la Arquidi?cesis del Cusco, Monse?or Fredi Aparicio Quispe, inform? que la ?Gran Marcha en Defensa de la Vida?, se realizar? este a?o, el s?bado 10 de mayo, actividad que todos los a?os la Arquidi?cesis del Cusco, realiza con motivo del ?D?a del Ni?o por Nacer?. (Fuente: ellitoral.com)<\/p>\n","protected":false},"author":1,"featured_media":7864,"comment_status":"closed","ping_status":"closed","sticky":false,"template":"","format":"standard","meta":{"footnotes":""},"categories":[9],"tags":[],"class_list":["post-1689","post","type-post","status-publish","format-standard","has-post-thumbnail","hentry","category-noticias"],"_links":{"self":[{"href":"https:\/\/ceas.org.pe\/index.php\/wp-json\/wp\/v2\/posts\/1689","targetHints":{"allow":["GET"]}}],"collection":[{"href":"https:\/\/ceas.org.pe\/index.php\/wp-json\/wp\/v2\/posts"}],"about":[{"href":"https:\/\/ceas.org.pe\/index.php\/wp-json\/wp\/v2\/types\/post"}],"author":[{"embeddable":true,"href":"https:\/\/ceas.org.pe\/index.php\/wp-json\/wp\/v2\/users\/1"}],"replies":[{"embeddable":true,"href":"https:\/\/ceas.org.pe\/index.php\/wp-json\/wp\/v2\/comments?post=1689"}],"version-history":[{"count":1,"href":"https:\/\/ceas.org.pe\/index.php\/wp-json\/wp\/v2\/posts\/1689\/revisions"}],"predecessor-version":[{"id":7540,"href":"https:\/\/ceas.org.pe\/index.php\/wp-json\/wp\/v2\/posts\/1689\/revisions\/7540"}],"wp:featuredmedia":[{"embeddable":true,"href":"https:\/\/ceas.org.pe\/index.php\/wp-json\/wp\/v2\/media\/7864"}],"wp:attachment":[{"href":"https:\/\/ceas.org.pe\/index.php\/wp-json\/wp\/v2\/media?parent=1689"}],"wp:term":[{"taxonomy":"category","embeddable":true,"href":"https:\/\/ceas.org.pe\/index.php\/wp-json\/wp\/v2\/categories?post=1689"},{"taxonomy":"post_tag","embeddable":true,"href":"https:\/\/ceas.org.pe\/index.php\/wp-json\/wp\/v2\/tags?post=1689"}],"curies":[{"name":"wp","href":"https:\/\/api.w.org\/{rel}","templated":true}]}}