{"id":1684,"date":"2014-02-24T09:17:04","date_gmt":"2014-02-24T09:17:04","guid":{"rendered":""},"modified":"2026-03-11T09:12:25","modified_gmt":"2026-03-11T14:12:25","slug":"monseoor-barreto-critica-el-racismo","status":"publish","type":"post","link":"https:\/\/ceas.org.pe\/index.php\/2014\/02\/24\/monseoor-barreto-critica-el-racismo\/","title":{"rendered":"Monse\u00f3or Barreto critica el racismo"},"content":{"rendered":"<p>\u00a0El Arzobispo de Huancayo, Monse\u00f1or Pedro Barreto Jimeno, SJ., afirm\u00f3 que la discriminaci\u00f3n racial es uno de los mayores problemas de nuestra sociedad, pues impide que las relaciones entre peruanos y peruanas se den de forma horizontal y sobre la base del respeto a la diferencia y la diversidad. Estas palabras las dijo durante el lanzamiento en Huancayo de la Plataforma de acci\u00f3n contra la discriminaci\u00f3n \u00e9tnica racial, organizada por la Direcci\u00f3n Regional Desconcentrada del Ministerio de Cultura.<\/p>\n<div>\u00a0<\/div>\n<div>En ese sentido, el Arzobispo manifest\u00f3 que la discriminaci\u00f3n profundiza la pobreza y la exclusi\u00f3n social de unos contra otros, e impide la real construcci\u00f3n de una cultura de paz y un desarrollo basado en la igualdad. Destac\u00f3 que el Per\u00fa sea un pa\u00eds multi\u00e9tnico y multicultural y que tenga como patrono de la justicia social a San Mart\u00edn de Porres, quien en su tiempo tambi\u00e9n sufri\u00f3 la discriminaci\u00f3n de la sociedad. \u201cEl racismo es un gran mal que est\u00e1 causando mucho dolor en el mundo. Se necesita un ambiente de di\u00e1logo franco y una actitud de conversi\u00f3n, desde el seno de cada una de las familias\u201d, manifest\u00f3.<\/div>\n<div>\u00a0<\/div>\n<div>Agreg\u00f3 que todos hemos sido creados a imagen y semejanza de Dios y que la Doctrina Social de la Iglesia se\u00f1ala que es moralmente inaceptable cualquier teor\u00eda o comportamiento inspirados en el racismo y en la discriminaci\u00f3n racial. \u201cLa Iglesia denuncia la pr\u00e1ctica de la discriminaci\u00f3n y del racismo en sus diferentes expresiones, pues ofende en lo m\u00e1s profundo la dignidad humana creada a imagen y semejanza de Dios\u201d, expres\u00f3.<\/div>\n<div>\u00a0<\/div>\n<div>Finalmente, Monse\u00f1or Pedro Barreto record\u00f3 lo que dijo el Papa Francisco en su exhortaci\u00f3n apost\u00f3lica Evangelii Gaudium: \u201cQuien quiera vivir con dignidad y plenitud no tiene otro camino m\u00e1s que reconocer al otro y buscar su bien\u201d. (CEP)<\/div>\n<p><a href=\"http:\/\/web.hilo.org.pe\/wp-content\/uploads\/barreto.jpg\" target=\"_blank\" rel=\"noopener\">Ver archivo adjunto<\/a><\/p>\n","protected":false},"excerpt":{"rendered":"<p>El Arzobispo de Huancayo, Monse?or Pedro Barreto Jimeno, SJ., afirm? que la discriminaci?n racial es uno de los mayores problemas de nuestra sociedad, pues impide que las relaciones entre peruanos y peruanas se den de forma horizontal y sobre la base del respeto a la diferencia y la diversidad. Estas palabras las dijo durante el lanzamiento en Huancayo de la Plataforma de acci?n contra la discriminaci?n ?tnica racial, organizada por la Direcci?n Regional Desconcentrada del Ministerio de Cultura.<\/p>\n","protected":false},"author":1,"featured_media":7919,"comment_status":"closed","ping_status":"closed","sticky":false,"template":"","format":"standard","meta":{"footnotes":""},"categories":[9],"tags":[],"class_list":["post-1684","post","type-post","status-publish","format-standard","has-post-thumbnail","hentry","category-noticias"],"_links":{"self":[{"href":"https:\/\/ceas.org.pe\/index.php\/wp-json\/wp\/v2\/posts\/1684","targetHints":{"allow":["GET"]}}],"collection":[{"href":"https:\/\/ceas.org.pe\/index.php\/wp-json\/wp\/v2\/posts"}],"about":[{"href":"https:\/\/ceas.org.pe\/index.php\/wp-json\/wp\/v2\/types\/post"}],"author":[{"embeddable":true,"href":"https:\/\/ceas.org.pe\/index.php\/wp-json\/wp\/v2\/users\/1"}],"replies":[{"embeddable":true,"href":"https:\/\/ceas.org.pe\/index.php\/wp-json\/wp\/v2\/comments?post=1684"}],"version-history":[{"count":1,"href":"https:\/\/ceas.org.pe\/index.php\/wp-json\/wp\/v2\/posts\/1684\/revisions"}],"predecessor-version":[{"id":7527,"href":"https:\/\/ceas.org.pe\/index.php\/wp-json\/wp\/v2\/posts\/1684\/revisions\/7527"}],"wp:featuredmedia":[{"embeddable":true,"href":"https:\/\/ceas.org.pe\/index.php\/wp-json\/wp\/v2\/media\/7919"}],"wp:attachment":[{"href":"https:\/\/ceas.org.pe\/index.php\/wp-json\/wp\/v2\/media?parent=1684"}],"wp:term":[{"taxonomy":"category","embeddable":true,"href":"https:\/\/ceas.org.pe\/index.php\/wp-json\/wp\/v2\/categories?post=1684"},{"taxonomy":"post_tag","embeddable":true,"href":"https:\/\/ceas.org.pe\/index.php\/wp-json\/wp\/v2\/tags?post=1684"}],"curies":[{"name":"wp","href":"https:\/\/api.w.org\/{rel}","templated":true}]}}